{"id":1102,"date":"2010-04-16T17:39:34","date_gmt":"2010-04-16T15:39:34","guid":{"rendered":"http:\/\/ichbinterrorist.de\/?p=1102"},"modified":"2010-04-16T17:39:34","modified_gmt":"2010-04-16T15:39:34","slug":"bischof-mixa-ein-uberfuhrter-lugner","status":"publish","type":"post","link":"http:\/\/gehirnsturm.info\/?p=1102","title":{"rendered":"Bischof Mixa, ein \u00fcberf\u00fchrter L\u00fcgner!"},"content":{"rendered":"<p>Was hat dieser Mensch noch gesagt, als die ersten Vorw\u00fcrfe gegen Ihn erhoben wurden?<\/p>\n<blockquote><p><font color=\"#ff00ff\">\u201eDie erhobenen Vorw\u00fcrfe ersch\u00fcttern mich, weil ich zu keiner Zeit k\u00f6rperliche Gewalt gegen Kinder und Jugendliche in irgendeiner Form angewandt habe\u201c, sagte der 69-j\u00e4hrige Bischof Mixa der \u201eBild am Sonntag\u201c. Gewalt zwischen Menschen lehne er grunds\u00e4tzlich ab, besonders Priester m\u00fcssten gewaltlos sein. Er habe sich immer daran gehalten und deshalb \u201eein reines Herz\u201c.<\/font><\/p><\/blockquote>\n<p>(Quelle: <a href=\"http:\/\/www.derwesten.de\/nachrichten\/Bischof-Mixa-betont-er-habe-ein-reines-Herz-id2821403.html\">DerWesten &#8211; &#8222;Bischof Mixa betont, er habe ein \u201ereines Herz\u201c&#8220;<\/a>)<\/p>\n<p>Er hat also eindeutig behauptet, das er keine &#8222;Gewalt in irgendeiner Form&#8220; angewandt hat, der L\u00fcgner!<br \/>\nDann stellt sich dieser Heuchler auch noch \u00fcber die anderen Geistlichen, die mit Vorw\u00fcrfen konfrontiert wurden. Auch hier in der Behauptung setzt er wieder eine Weisheit f\u00fcr die Priester ein, in dem er Feststellt, das &#8222;Priester gewaltlos sein m\u00fcssen&#8220;.<\/p>\n<blockquote><p><font color=\"#ff00ff\">In seiner Osterpredigt rief Mixa Missbrauchst\u00e4ter zur Bu\u00dfe auf.<\/font><\/p><\/blockquote>\n<p>(Quelle: <a href=\"http:\/\/www.derwesten.de\/nachrichten\/Bischof-Mixa-betont-er-habe-ein-reines-Herz-id2821403.html\">DerWesten &#8211; &#8222;Bischof Mixa betont, er habe ein \u201ereines Herz\u201c&#8220;<\/a>)<\/p>\n<p>Dieser Mensch drohte die ehemaligen Heimkinder sogar mit &#8222;rechtlichen Schritten&#8220;!<\/p>\n<p>Und was sagt dieser L\u00fcgner jetzt?<\/p>\n<blockquote><p><font color=\"#ff00ff\">Der wegen Pr\u00fcgelvorw\u00fcrfen in der Kritik stehende Augsburger Bischof Walter Mixa schlie\u00dft nicht mehr aus, dass er in seiner Zeit als Schrobenhausener Stadtpfarrer Kinder geschlagen hat. Mixa sagte der &#8222;Bild am Sonntag&#8220; laut Vorabbericht: &#8222;Wenn jetzt das Thema auf die Frage nach Ohrfeigen zugespitzt wird, will ich ganz ehrlich sagen, dass ich als langj\u00e4hriger Lehrer und Stadtpfarrer im Umgang mit sehr vielen Jugendlichen die eine oder andere Watsch&#8217;n von vor zwanzig oder drei\u00dfig Jahren nat\u00fcrlich nicht ausschlie\u00dfen kann.&#8220;<\/font><\/p><\/blockquote>\n<p>(Quelle: <a href=\"http:\/\/www.stern.de\/panorama\/pruegelvorwuerfe-bischof-mixa-kann-watschn-nicht-ausschliessen-1558993.html\">Stern.de &#8211; &#8222;Bischof Mixa kann &#8222;Watsch&#8217;n nicht ausschlie\u00dfen&#8220;&#8220;<\/a>)<\/p>\n<p>Bleibt abzuwarten, ob er sich nicht noch erinnert, ob die eine oder andere &#8222;Watsch&#8217;n&#8220; nicht v\u00f6llig gewaltfrei mit einem Teppichklopfer erfolgt ist.<br \/>\nIch warte nun nur noch darauf, das er ganz im Tenor des Papstbruders Georg Ratzinger davon spricht, das dies zu der Zeit ja \u00fcblich war und er Froh war, als der Gesetzgeber dies verboten hat.<br \/>\nDas ist genau so eine Heuchelei, wie die Aussage: &#8222;Das hat mir mehr Weh getan als Dir&#8220;.<\/p>\n<p>Dieser L\u00fcgner muss sich nun so langsam fragen lassen, wer hier ein falsches Erinnerungsverm\u00f6gen hat. Er oder die Opfer, die sich nun die Qual (in Form einer eidesstattlichen Versicherung) von der Seele geschrieben haben?<\/p>\n<p><b><u>Hinweis:<\/u><\/b><\/p>\n<p>Normalerweise gebe ich deutlich zu erkennen, wenn ich eine pers\u00f6nliche Meinung \u00e4u\u00dfere, wie z.B. hier &#8222;L\u00fcgner&#8220; und &#8222;Heuchler&#8220; und schreibe solche Meinungen in einem vorsichtigen Kontext. Aber nachdem, wie sich dieser &#8222;Saubermann&#8220; Mixa verh\u00e4lt, bin ich zu dieser Vorsicht und R\u00fccksichtnahme nicht bereit.<br \/>\nWenn ich daran denke, wie viele Seelen dieser Mensch vermutlich zerst\u00f6rt hat, dann soll er doch gegen mich &#8222;juristisch Vorgehen&#8220;.<br \/>\nDeswegen auch keine Links, wo meine Meinung durch Beitr\u00e4ge unterst\u00fctzt werden!<\/p>\n<p><b><u>Nachwort:<\/u><\/b><\/p>\n<p>Inzwischen kann ich mich ja schon gl\u00fccklich sch\u00e4tzen, das der Pfaffe zu meiner Messdienerzeit &#8222;nur&#8220; Alkoholiker war und derjenige, der uns den Messdieneruntericht gab &#8222;nur&#8220; ein religi\u00f6ser Fanatiker, der mit 17 nur einen Wunsch hatte, Priester zu werden.<\/p>\n","protected":false},"excerpt":{"rendered":"<p>Was hat dieser Mensch noch gesagt, als die ersten Vorw\u00fcrfe gegen Ihn erhoben wurden? \u201eDie erhobenen Vorw\u00fcrfe ersch\u00fcttern mich, weil ich zu keiner Zeit k\u00f6rperliche Gewalt gegen Kinder und Jugendliche in irgendeiner Form angewandt habe\u201c, sagte der 69-j\u00e4hrige Bischof Mixa &hellip; <a href=\"http:\/\/gehirnsturm.info\/?p=1102\">Weiterlesen <span class=\"meta-nav\">&rarr;<\/span><\/a><\/p>\n","protected":false},"author":2,"featured_media":0,"comment_status":"open","ping_status":"open","sticky":false,"template":"","format":"standard","meta":[],"categories":[5,7,10,11,13,14],"tags":[91,101,207,248,291,317,318,319,322,323,357,381,382,383,387,419,456,461,491,556,593,609,610],"_links":{"self":[{"href":"http:\/\/gehirnsturm.info\/index.php?rest_route=\/wp\/v2\/posts\/1102"}],"collection":[{"href":"http:\/\/gehirnsturm.info\/index.php?rest_route=\/wp\/v2\/posts"}],"about":[{"href":"http:\/\/gehirnsturm.info\/index.php?rest_route=\/wp\/v2\/types\/post"}],"author":[{"embeddable":true,"href":"http:\/\/gehirnsturm.info\/index.php?rest_route=\/wp\/v2\/users\/2"}],"replies":[{"embeddable":true,"href":"http:\/\/gehirnsturm.info\/index.php?rest_route=%2Fwp%2Fv2%2Fcomments&post=1102"}],"version-history":[{"count":0,"href":"http:\/\/gehirnsturm.info\/index.php?rest_route=\/wp\/v2\/posts\/1102\/revisions"}],"wp:attachment":[{"href":"http:\/\/gehirnsturm.info\/index.php?rest_route=%2Fwp%2Fv2%2Fmedia&parent=1102"}],"wp:term":[{"taxonomy":"category","embeddable":true,"href":"http:\/\/gehirnsturm.info\/index.php?rest_route=%2Fwp%2Fv2%2Fcategories&post=1102"},{"taxonomy":"post_tag","embeddable":true,"href":"http:\/\/gehirnsturm.info\/index.php?rest_route=%2Fwp%2Fv2%2Ftags&post=1102"}],"curies":[{"name":"wp","href":"https:\/\/api.w.org\/{rel}","templated":true}]}}