{"id":1485,"date":"2010-10-03T19:13:54","date_gmt":"2010-10-03T17:13:54","guid":{"rendered":"http:\/\/ichbinterrorist.de\/?p=1485"},"modified":"2011-04-03T10:36:27","modified_gmt":"2011-04-03T08:36:27","slug":"stuttgart-spezial-s21-demokratisch-legitimiert-furn-arsch","status":"publish","type":"post","link":"http:\/\/gehirnsturm.info\/?p=1485","title":{"rendered":"* Stuttgart spezial * !!! S21 !!! &quot;demokratisch legitimiert&quot; f\u00fcrn Arsch!"},"content":{"rendered":"<blockquote><p><font color=\"#ff00ff\"><big><strong>Grundgesetz:<\/strong><\/big><\/p>\n<p><strong>Artikel 2<\/strong><br \/>\n[&#8230;]<br \/>\n(2) Jeder hat das Recht auf Leben und <strong><u>k\u00f6rperliche Unversehrtheit.<\/u><\/strong><\/p>\n<p><strong>Artikel 3<\/strong><br \/>\n[&#8230;]<br \/>\n(3) Niemand darf wegen seines Geschlechtes, seiner Abstammung, seiner Rasse, seiner Sprache, seiner Heimat und Herkunft, seines Glaubens, seiner religi\u00f6sen oder <u>politischen Anschauungen<\/u> benachteiligt oder bevorzugt werden. Niemand darf wegen seiner Behinderung benachteiligt werden.<\/p>\n<p><strong>Artikel 8<\/strong><br \/>\n(1) Alle Deutschen haben das Recht, sich <u>ohne Anmeldung oder Erlaubnis<\/u> friedlich und ohne Waffen zu versammeln.<\/font><\/p><\/blockquote>\n<p>(Quelle: <a href=\"http:\/\/www.bundestag.de\/dokumente\/rechtsgrundlagen\/grundgesetz\/gg_01.html\">Bundestag &#8211; Grundgesetz Grundrechte<\/a>)<\/p>\n<blockquote><p><font color=\"#ff00ff\"><big><strong>Verfassung des Landes Baden-W\u00fcrttemberg<\/strong><\/big><strong><\/p>\n<p><\/strong><strong>Artikel 2<\/strong><br \/>\n(1) Die im Grundgesetz f\u00fcr die Bundesrepublik Deutschland festgelegten Grundrechte und staatsb\u00fcrgerlichen Rechte sind Bestandteil dieser Verfassung und unmittelbar geltendes Recht.<\/p>\n<p><strong>Artikel 25<\/strong><br \/>\n(1) <u>Die Staatsgewalt geht vom Volke aus<\/u>. Sie wird vom Volke in Wahlen und Abstimmungen und durch besondere Organe der Gesetzgebung, der vollziehenden Gewalt und der Rechtsprechung ausge\u00fcbt.  <\/font><\/p><\/blockquote>\n<p>(Quelle: <a href=\"http:\/\/www.lpb-bw.de\/bwverf\/bwverf.htm\">Landeszentrale f\u00fcr politische Bildung Baden-W\u00fcrttemberg &#8211; Verfassung des Landes Baden-W\u00fcrttemberg<\/a>)<\/p>\n<p>Wir wollen zuerst einmal festhalten, das &#8222;Mappus&#8220; kein vom Volk gew\u00e4hlter Ministerpr\u00e4sident ist. Von daher ist die Aussage, das er wohl im M\u00e4rz nicht &#8222;wiedergew\u00e4hlt&#8220; wird falsch. Wenn \u00fcberhaupt, k\u00f6nnte er im M\u00e4rz erst einmal gew\u00e4hlt werden!<\/p>\n<p>Dann hei\u00dft es, dass S21 demokratisch legitimiert ist. Festzuhalten ist, das S21 mindesten auf ein gebrochenes Versprechen des (noch) amtierenden B\u00fcrgermeister basiert!<\/p>\n<p>\u00dcber die \u00dcbergriffe am Donnerstag, den 29.10.2010 werde ich nicht schreiben, das haben gen\u00fcgend andere gemacht. Ich habe scheinbar den Tag anders mitbekommen, als die Polizisten, Rech und Mappus.<\/p>\n<p>Halten wir fest, das an dem Tag eine &#8222;Sch\u00fcler und Jugenddemonstration&#8220; angemeldet war. Ob es den Regierenden passt oder nicht, es ist ein Grundrecht (vergl. GG Art. 8). Jetzt wird behauptet, das diese Demo nicht den angemeldeten Weg gegangen war. Merkw\u00fcrdig war nur, das die ersten Aussagen in der Presse mit der Bemerkung gegangen ist, das &#8222;man nicht so fr\u00fch mit der Demonstration gerechnet hatte&#8220;. So weit ich es verfolgen konnte, war das Ziel der Demo eben der Schlossgarten.<br \/>\nDas bedeutet f\u00fcr mich, das man schon geplant hatte ein Grundrecht der Bev\u00f6lkerung zu missachten.<br \/>\nDann war diese Demo als &#8222;Sch\u00fcler und Jugenddemo&#8220; angemeldet. Dann zu behaupten, das Kinder als &#8222;Schutzschilder&#8220; benutzt wurde ist zynisch und zeugt von der Propaganda-Maschenerie der undemokratisch handelnden angeblichen Demokraten.<br \/>\nMan las, das Sch\u00fcler eingekesselt wurden, dann das es zu der Besetzung eines LKWs gekommen ist. Das sah man als Grund mit h\u00e4rte gegen Jugendliche vorzugehen. Erwachsene, die heranwachsende und Menschen die erst die Regeln und die Selbstbeherrschung des Lebens lernen m\u00fcssen. Scheinbar war in diesem Bereich die meisten Kinder, Sch\u00fcler und Jugendliche weiter als die Staatsmacht, die meint, das sie nur mit Gewalt ca. 30 Kinder von einem LKW bekommen kann.<br \/>\nIch kann nur Hoffen, das all diese Menschen, die so mit Kindern umgegangen sind nicht so mit Ihren Kindern umgehen, sonst haben wir sehr viele seelische Kr\u00fcppel, die in Deutschland heranwachsen. Aber es ist zu hoffen, dass sie nur so Mutig sind, wenn sie sich feige hinter Ihren Helmen und Schlagst\u00f6cken verstecken k\u00f6nnen.<br \/>\nIrgendwann hatte man scheinbar entdeckt, das zu der Demo eine angeblich Radikale linke Gruppe aufgerufen hat, die vom Verfassungsschutz beobachtet wird.<br \/>\nDas ist ja heute kein Problem, vom Verfassungsschutz beobachtet zu werden. Man will das ja sowieso fl\u00e4chendeckend machen, so z.B. unter dem Namen &#8222;Verdachtsunabh\u00e4ngige Datenspeicherung&#8220;. Ein ganzes Volk wird bespitzelt, praktisch f\u00fcr solche Vorw\u00fcrfe.<br \/>\nSelbst wenn diese Gruppe extrem ist, sie hat die selben Grundrechte wie jeder in diesem Land. Ich empfehle Mappus und Rech mal als Lekt\u00fcre das GG Art.3 Abs. 3.<br \/>\nZudem waren es von der Demo Jugendliche die verpr\u00fcgelt worden und keine \u201clinksextremistische Organisationen&#8220;. Irgendwie erinnert mich das daran, wie man \u00fcber die Gr\u00fcnen vor etlichen Jahren gesprochen hat. Die Typischen Methoden um die Menschen, die eine nicht &#8222;regimegerechte&#8220; Meinung haben zum B\u00fcrgerschreck zu machen.<\/p>\n<p>Als dann bekannt wurde das die Polizei trotz einer angemeldeten Demo schon vormittags begannen den Schlosspark mit Barrieren zu versehen, kamen etliche Menschen zum Schlosspark und haben diesen Besetzt. Dazu haben sich manche Menschen hingesetzt.<br \/>\nDies ist nach den \u00c4u\u00dferungen von Rech und Mappus Grund genug diese Menschen entgegen dem GG Art. 2 Abs. 2 nicht das Recht auf &#8222;Unversehrtheit&#8220; zugestehen.<br \/>\nDies hatte man wohl schon im Vorfeld in Kauf genommen, sonst ist es nicht nachvollziehbar, das Wasserwerfer und Sondereinsatzkomandos direkt vor Ort waren. Wer nicht bereit ist, Gewalt anzuwenden, braucht man keine solche Waffen vor Ort.<br \/>\nDas man bereit war, mit Gewalt gegen die Demonstranten vorzugehen, zeigt meiner Meinung nach auch, das man sehr schnell behauptete, das Pflastersteine geworfen wurden. Als sich zeigte, das diese Behauptung nicht weiter haltbar war, ruderte man schnell zur\u00fcck. Statt dessen wird nun im Nachhinein von &#8222;einem angeblich geworfenen Stuhl und Flaschen, sowie Kastanien&#8220; gesprochen. Dazu werden jetzt die eigenen Aufnahmen \u00fcberpr\u00fcft, so der Innenminister. Auf den vielen Livebildern, die man an den verschiedensten Stellen sehen konnte ist davon auf jeden Fall nichts zu sehen.<br \/>\nNun, wie hie\u00df es nochmal, das man zu den Ma\u00dfnahmen gezwungen sei, weil die S21 Gegner trotz mehrfacher Aufforderung die Wege und das Gel\u00e4nde nicht verlassen habe. Da sah man sich zu diesen Ma\u00dfnahmen gezwungen.<br \/>\nDa scheint man das Urteil des Bundesverfassungsgericht von 1995 zu vergessen. Unter dem AZ &#8222;1 BvR 718\/89&#8220; hat das BVerfG am 10.01.1995 entschieden, das reine &#8222;Sitzblockaden&#8220;, also wenn man sich einfach hinsetzt und einen Platz Blockiert, ohne sich anzuketten handelt es sich dabei nicht um eine N\u00f6tigung. Das BVerfG hat eine Sitzblockade ausdr\u00fccklich nicht als &#8222;Gewalt&#8220; definiert!<br \/>\nDamit wird die ganze Argumentation von Mappus und Konsorten zur Farce.<\/p>\n<p>Das nun im Nachhinein scheinbar raus kommt, das die ganze F\u00e4llaktion mit sehr hoher Wahrscheinlichkeit illegal war und sich die Polizei f\u00fcr ein Gesetzesbruch hat missbrauchen lassen, ist nur das I-T\u00fcpfelchen, dass dieses in meinen Augen rechtswidrigen Tat durch Mappus, Rech und Konsorten zu einem Kreis schlie\u00dft.<br \/>\nUnd diese Menschen trauen sich noch die Worte &#8222;demokratisch legitimiert&#8220; in den Mund zu nehmen.<\/p>\n<p>Das sich der Oberb\u00fcrgermeister Schuster auch noch zu Wort meldet, nachdem er die Bev\u00f6lkerung belogen hatte, in dem er eine Befragung versprochen hatte k\u00f6nnte man als Mutig bezeichnet oder einfach als unversch\u00e4mt.<\/p>\n<p>Die letzte Farce ist das Hin und Her von Innenminister Rech. Er sagt zuerst, das er bereit ist die Konsequenzen f\u00fcr die Handlungen zu ziehen. Schon Minuten sp\u00e4ter dementiert er seine eigene Aussage. Soviel zu der Zuverl\u00e4ssigkeit des Innenministers. Das nun der Einsatz \u00fcberpr\u00fcft werden soll ist l\u00f6blich, aber wie wird diese wirklich unabh\u00e4ngig und neutral geschehen?<br \/>\nVor einiger Zeit hat genau das Gegenteil Amnesty International festgestellt. (Siehe hier: <a href=\"http:\/\/ichbinterrorist.de\/?p=1342\">[Update] Deutschland, deine Menschenrechtsverletzungen \u2013 Pressekonferenz Amnesty International<\/a>)<\/p>\n<p><big><u><b>Nachtrag<\/b><\/u><\/big><\/p>\n<p>Ich habe mich im Text zur\u00fcckgehalten in dem was ich dazu am liebsten sagen w\u00fcrde.<br \/>\nErfreulich ist es, das gerade von dem &#8222;Bundesarbeitsgemeinschaft Kritischer Polizistinnen und Polizisten (Hamburger Signal) e.V.&#8220; eine Pressemitteilung kommt, die vieles Anspricht, was ich mir zum Teil verkniffen habe.<br \/>\nDeswegen die Pressemitteilung im Volltext:<\/p>\n<blockquote><p><font color=\"#ff00ff\">Bundesarbeitsgemeinschaft<br \/>\nKritischer<br \/>\nPolizistinnen und Polizisten<br \/>\n(Hamburger Signal) e.V.<\/p>\n<p><big><b>PRESSEMITTEILUNG<\/b><\/big><br \/>\nZu dem um das Bahnprojekt \u201eStuttgart 21\u201c durch staatliche Organe mit rechtswidrigem<br \/>\nHandeln, T\u00e4uschen, Tricksen und Tarnen eskalierten Konflikt anl\u00e4sslich der gestern Nacht<br \/>\ngewaltsam durchgesetzten vorzeitigen F\u00e4llung von B\u00e4umen erkl\u00e4ren wir Kritische Folgendes:<br \/>\n<u><b>\u201eWer ist das Volk? Wer hat die h\u00f6chste Legitimation?\u201c<\/b><\/u><br \/>\nPolizei hat in einer parlamentarischen Demokratie Instrumentencharakter. Das ist<br \/>\nauch gut so! Das Primat der Politik sollte gegen\u00fcber der Polizei ohne Einschr\u00e4nkung<br \/>\nausge\u00fcbt werden k\u00f6nnen. Das geh\u00f6rt zum Wesen einer funktionierenden Republik.<br \/>\nDas bedeutet f\u00fcr die Eskalation durch die Polizei, die ihre M\u00f6glichkeiten gegen\u00fcber<br \/>\nSch\u00fclerInnen, RentnerInnen und allen anderen den Schlosspark besetzt haltenden<br \/>\nDemonstrantInnen von vorgestern, vom Donnerstag, 30. September auf den 1.<br \/>\nOktober 2010, vollkommen unverh\u00e4ltnism\u00e4\u00dfig wahrnahm:<br \/>\nDie <u>unmittelbare<\/u> Verantwortung f\u00fcr diesen rechtswidrig durchgef\u00fchrten Polizeieinsatz<br \/>\nliegt bei der Politik der Stadt Stuttgart und (mehr noch) dem Innenministerium des<br \/>\nLandes Baden-W\u00fcrttemberg. Das entbindet jedoch die eingesetzten<br \/>\nPolizeibeamtInnen selbst in keinster Weise davon, Recht und Gesetze in weit<br \/>\nh\u00f6herem Ma\u00dfe zu beachten als ihr Gegen\u00fcber sowie insbesondere die<br \/>\nVerh\u00e4ltnism\u00e4\u00dfigkeit der (Einsatz-)Mittel zu achten! Die PolizeibeamtInnen haben es<br \/>\nmit ihrer staatlichen Gewaltlizenz sogar zu 100 Prozent anzuwenden.<br \/>\nDass dies in so eklatanter Weise in Form und konkretem Handeln nicht geschehen<br \/>\nist, wirft ein erschreckendes Licht auf den Geist in der Polizei Baden-W\u00fcrttembergs.<br \/>\nNicht ohne Grund beendete Prof. Dr. Thomas Feltes seine T\u00e4tigkeit als Rektor (!) an<br \/>\nder F(l)achhochschule Ba-W\u00fc \u0301s, weil es kaum noch auszuhalten war, was er aus<br \/>\nseinem Klientel \u2013 dem angehenden gehobenen Dienst (Kommissare aufw\u00e4rts) Ba-<br \/>\nW\u00fc \u0301s und den Ministerialschranzen erlebte -, um seitdem einer T\u00e4tigkeit auf einem<br \/>\nkriminologischen Lehrstuhl nachzugehen.<br \/>\nWasserwerfer gegen 15-j\u00e4hrige Sch\u00fclerinnen, Theologinnen mit deren Betgruppe<br \/>\nwegzusp\u00fclen, einen jungen Mann mit dem Wasserwerfer vom Baum zu schie\u00dfen,<br \/>\neinem B\u00fcrger mit dem Wasserwerfer ein Auge auszuschie\u00dfen, Pfefferspray unter<br \/>\nanderem auf gro\u00dfe Distanz gegen Menschen einzusetzen, die auf Grund der gro\u00dfen<br \/>\nDistanz und des lauten Umfeldes die dreimalige \u201eWarnung\u201c (so sie \u00fcberhaupt<br \/>\nausgesprochen worden ist!) vor Verwendung dieses Einsatzmittels gar nicht<br \/>\nwahrnehmen konnten und so weiter und so fort&#8230; \u2013 Das alles inmitten der Innenstadt<br \/>\nStuttgarts, zwanzig Jahre nach Abschaffen der zweiten Diktatur des letzten<br \/>\nJahrhunderts auf deutschem Boden und aus Anlass des profanen Neubaus eines<br \/>\nBahnhofs (!), auf dem Schlossplatz. Ja, sind feudale Verh\u00e4ltnisse am<br \/>\nWiederauferstehen?<br \/>\nWahrlich: vollkommen unterirdisch. Von der verantwortlichen Politik wie von den<br \/>\neingesetzten Polizeikr\u00e4ften.<br \/>\nGibt es Strafanzeigen gegen den Bordsch\u00fctzen des WaWe, der einen jungen Mann<br \/>\naus dem Baum schoss? Wegen welchen Tatverdachts wird ermittelt? Oder gibt es<br \/>\netwa keine Strafanzeige? Obwohl alle PolizeibeamtInnen nach \u00a7 163 StPO<br \/>\nverpflichtet sind, jedem Verdacht auf eine Straftat nachzugehen.<br \/>\nOder gegen den Bordsch\u00fctzen des WaWe, der einem anderen Mann ein Auge<br \/>\nausschoss? Oder gibt es auch dazu immer noch keine Strafanzeige? Von Amts<br \/>\nwegen!<br \/>\nDie Verfahren \u2013 w\u00fcrden \u00fcberhaupt welche eingeleitet \u2013 w\u00fcrden vermutlich wieder wie<br \/>\ndas Horneburger Schie\u00dfen ausgehen. Nach wie vor verweigern die Verantwortlichen<br \/>\nf\u00fcr die die \u201estaatliche\u201c Gewalt aus\u00fcbenden PolizeibeamtInnen die Kennzeichnungspflicht.<br \/>\nNach wie vor verweigern die Verantwortlichen angesichts versagender Dienst- und<br \/>\nFachaufsicht die erforderlichen Instrumente wie Ombudsleute oder unabh\u00e4ngige<br \/>\nPolizeibeauftragte analog zu Datenschutzbeauftragten, Wehrbeauftragten usw., um<br \/>\nunter anderem gegen Polizei\u00fcbergriffe in der Bundesrepublik endlich eine effektive<br \/>\nKontrolle herzustellen.<br \/>\nSo nimmt es kein Wunder, dass die Entscheidungstr\u00e4ger heute noch die Version der<br \/>\neingesetzten Polizeif\u00fchrer wiederk\u00e4uen. Dagegen t\u00f6nen nach solchen Anl\u00e4ssen aber<br \/>\nimmer wieder und immer lauter die Bem\u00fchungen nach Strafrechtsversch\u00e4rfungen<br \/>\nwegen angeblich massenhafter Gewalt gegen PolizeibeamteInnen.<br \/>\nBis jetzt ist nicht ein Fall in Stuttgart bekannt geworden, dass ein(e)<br \/>\nPolizeibeamtin(er) remonstriert h\u00e4tte. Und dies bei in Serie festzustellenden<br \/>\nrechtswidrigen polizeilichen \u00dcbergriffen und bei Verantwortlichen f\u00fcr ein<br \/>\nGesamteinsatzkonzept, dass in Kenntnis um die soziologische Gruppe<br \/>\n(Sch\u00fclerInnen), die zu r\u00e4umen gewesen ist, genau wissen musste, dass schon der<br \/>\nmartialische Aufmarsch unverh\u00e4ltnism\u00e4\u00dfig (= Verfassungsrang) war. Man hat<br \/>\nmindestens billigend diese Eskalation in Kauf genommen.<br \/>\nVor dem Hintergrund solcher Tatsachen sind die \u00fcblichen Statements der<br \/>\nFunktion\u00e4re gro\u00dfer Polizeigewerkschaften \u2013 zum Beispiel Rainer Wendt, DPolG \u2013<br \/>\nnicht ersch\u00fctternd, sondern spiegeln die b\u00fcrgerferne Feistigkeit und<br \/>\nHemds\u00e4rmeligkeit von BeamtInnen ausgesprochen authentisch wider.<br \/>\nHerr Wendt \u00e4u\u00dferte glasklar, dass der gesamte Einsatz der Polizei verh\u00e4ltnis- wie<br \/>\nrechtm\u00e4\u00dfig war. Gewalt w\u00e4re alleine von den DemonstrantInnen ausgegangen usw.<br \/>\nusf. &#8230; \u2013 Man k\u00f6nnte angesichts der im Widerspruch dazu festzustellenden<br \/>\nTatsachen glauben, das Propagandaministerium eines Unrechtsstaates zu h\u00f6ren.<br \/>\nUns Kritische erreichten Anrufe nach Herrn Wendts Interview-Auftritt gestern<br \/>\nVormittag bei N 24, wonach ZuschauerInnen eigentlich nur darauf warteten, wann<br \/>\nder rechte Arm bei ihm nach oben geht.<br \/>\nDie drei gro\u00dfen Polizeigewerkschaften fr\u00f6nen weiterhin auch bei \u201eStuttgart 21\u201c ihrem<br \/>\nSelbstverst\u00e4ndnis, die \u201ebessere Polizeif\u00fchrung\u201c darzustellen, anstatt die B\u00fcrgerrechte<br \/>\nvon PolizeibeamtInnen und B\u00fcrgerInnen zu vertreten. Und das vor dem Hintergrund,<br \/>\ndass die Einsatzleitung auch noch das vom BVerfGer zwingend vorgegebene<br \/>\nKooperationsgebot mit F\u00fc\u00dfen trat, indem sie das von diesen angebotene und<br \/>\ngesuchte Gespr\u00e4ch mit Demo-Leitern verweigerte.<br \/>\nEs gibt noch ein grunds\u00e4tzliches \u201ePh\u00e4nomen\u201c der traurigen Sonderklasse, das bei<br \/>\ndiesem Idiotentest des Staates, wonach DemonstrantInnen massiv Gewalt auf<br \/>\nPolizeibeamtInnen ausge\u00fcbt h\u00e4tten, von denen \u201enur\u201c sechs \u201everletzt\u201c worden w\u00e4ren,<br \/>\nhingegen mehr als f\u00fcnfzig mal so viele zivile B\u00fcrgerInnen:<br \/>\nDen sogenannten Entscheidern in Parlamenten und Regierungen ist \u00fcberhaupt nicht<br \/>\nklar, was f\u00fcr eine binnenkulturelle Deformierung in den Polizeien l\u00e4ngst Raum<br \/>\ngegriffen hat. Sie lassen sich von den Einfl\u00fcsterungen geaalt auftretender<br \/>\nAngeh\u00f6riger des h\u00f6heren Dienstes blenden und die in fast jeder Bundestagsfraktion<br \/>\nvorhandenen Corpsgeists\u00e4nger aus dem Bundeskriminalamt und L\u00e4nderpolizeien<br \/>\ntun ihr \u00dcbriges bei dieser gegen die B\u00fcrgerinteressen gerichteten Lobbyarbeit.<br \/>\nN\u00e4heres siehe nur beispielhaft, im besonderen den \u201eBrandbrief\u201c, unter:<br \/>\nhttp:\/\/www.kritische-polizisten.de\/innenpolitik_hamburg\/index.htm<br \/>\nJedenfalls haben diese DemonstrantInnen am eigenen Leibe die<br \/>\n\u201eDienstleistungsqualit\u00e4t\u201c \u201eihrer Polizei\u201c in einer Art und Weise erlebt, wie es aktuell in<br \/>\nHamburgs Stra\u00dfen (fast) an der Tagesordnung ist. Ziellos Pfefferspray auf<br \/>\ndemonstrierende Gruppen zu spr\u00fchen, Verletzte in mehreren Hundertschaftsst\u00e4rken<br \/>\nzu produzieren und dann noch Desinformation gg\u00fc. \u00d6ffentlichkeit und Parlamenten<br \/>\nzu betreiben, wonach angeblich Pflastersteine auf PolizeibeamtInnen geworfen<br \/>\nworden seien.<br \/>\nZu der \u201everantwortlichen\u201c Politik geh\u00f6rt im \u00dcbrigen auch die Bundeskanzlerin, die in<br \/>\nder DDR immerhin als FDJ-Sekret\u00e4rin f\u00fcr Agitation und Propaganda an der Elite-<br \/>\nUniversit\u00e4t der DDR ihre Doktorarbeit abliefern durfte. Frau Dr. Angela Dorothea<br \/>\nMerkel geh\u00f6rt zu den \u201eVerantwortlichen\u201c des b\u00fcrgerrechtlichen GAU in Stuttgart, weil<br \/>\nBauherr des Bahnhofs die Deutsche Bahn AG ist. Da der Bund alle Anteile h\u00e4lt und<br \/>\nkein Handel damit stattfindet, handelt es sich aufgrund der Eigent\u00fcmerstruktur um ein<br \/>\nprivatrechtlich organisiertes Staatsunternehmen. Gewisserma\u00dfen ein VEB.<br \/>\nSelbstverst\u00e4ndlich w\u00fcrde der Vorstandsvorsitzende Herr Grube die Bagger,<br \/>\nHolzf\u00e4ller etc. abbestellen, wenn der Mehrheitseigner des \u201eBauherrn\u201c<br \/>\n(Bundesrepublik Deutschland) dies \u00fcber seine Aufsichtsratsmitglieder verlangen<br \/>\nw\u00fcrde. Aber Frau Merkel feuert ja noch an&#8230; \u2013 Auch hier versagt im \u00fcbrigen die<br \/>\nMehrheit im Deutschen Bundestag!<br \/>\nDabei ist Frau Merkel eine klassische Vertreterin der Wendeh\u00e4lse. Nicht blo\u00df bei<br \/>\ndem Anschluss der DDR an die Bundesrepublik. Man denke nur an den Leipziger<br \/>\nBundesparteitag der CDU, als sie noch einen ziemlich reinen neoliberalen<br \/>\nWirtschaftsansatz vertrat w\u00e4hrend sie noch 10 Jahre vorher ihre erbrachten<br \/>\nFortschritte in der Vertiefung marxistisch-leninistischer Kenntnisse nachweisen<br \/>\nkonnte, um \u00fcberhaupt an der Akademie der Wissenschaften zu studieren und dann<br \/>\nzu promovieren. Weitere sieben Jahre sp\u00e4ter exekutierte sie dann als Kanzlerin mit<br \/>\nder SPD vier lange Jahre quasi sozialdemokratische Wirtschafts- und Finanzpolitik. \u2013<br \/>\nWarum wendet Frau Dr. Merkel nicht auch zu \u201eStuttgart 21\u201c ihren Hals?!? Sie hat<br \/>\ndoch Vorzeigequalit\u00e4ten in dieser \u00dcbung&#8230;<br \/>\nDiese Bez\u00fcge zur Bundespolitik geh\u00f6ren in den Zusammenhang mit \u201eStuttgart 21\u201c<br \/>\ngestellt. Nicht weil wir Kritische PolizeibeamtInnen uns aus dem Anti-AKW-<br \/>\nZusammenhang 1986 entwickelten, sondern weil wir bereits einmal in der<br \/>\nBundesrepublik Deutschland \u00e4hnlich hypertrophe Bauplatzerrichtungen erlebten:<br \/>\nBerittene Polizei und andere kloppten die Baupl\u00e4tze des AKW Brokdorf<br \/>\n(Innenminister Dr. Uwe Barschel, sp\u00e4ter Badewannentod in Z\u00fcrich), in Grohnde<br \/>\n(Ministerpr\u00e4sident Albrecht, dessen Tochter Frau Ursula van der Leyen, jetzt von<br \/>\neinem Ministerium ins andere hoppt und soziale K\u00e4lte pur verspr\u00fcht) und anderswo<br \/>\nfrei.<br \/>\n\u201eStuttgart 21\u201c ist ein weiteres Beispiel f\u00fcr einen in viel zu weiten Teilen sich<br \/>\nentkernenden Rechtsstaat. Die B\u00fcrgerInnen in Ba-W\u00fc vertrauten darauf, dass die<br \/>\nGremien, deren Mitglieder sie und ihre Interessen repr\u00e4sentieren sollen, anst\u00e4ndig<br \/>\narbeiten.<br \/>\nDen Wenigsten ist klar, dass fast \u00fcberall unsichtbare Stempel wie \u201eBDI\u201c,<br \/>\n\u201eHandwerkskammer\u201c oder irgendwelche Baufirmen draufstehen. Nach wie vor wird<br \/>\ndie international von der BRD ratifizierte Abgeordnetenbestechung nicht in nationales<br \/>\nRecht umgesetzt. Warum denn wohl nicht?!?<br \/>\nKlar: Abgeordnete kann man kaufen, das Volk nicht. Und Abgeordnete wurden und<br \/>\nwerden gekauft.<br \/>\n\u201eStuttgart 21\u201c ist auch ein weiteres Beispiel daf\u00fcr, wie unsere sogenannte \u201epolitische<br \/>\nKlasse\u201c, so wie die finanz- und wirtschaftspolitische Klasse, in ihrer Gier kaum noch<br \/>\nGrenzen kennt. Ausnahmen best\u00e4tigen auch hier die Regel.<br \/>\nWir w\u00fcnschen den DemonstrantInnen die innere Kraft, das Durchhalteverm\u00f6gen und<br \/>\ninnere Ruhe, weiterhin friedlich zu demonstrieren, um den von ihren Steuergeldern<br \/>\nbezahlten staatlichen R\u00fcpeln zu trotzen und letztlich doch den verdienten Erfolg zu<br \/>\nbekommen.<br \/>\nMit freundlichen Gr\u00fc\u00dfen<br \/>\nThomas W\u00fcppesahl, f\u00fcr den Bundesvorstand<br \/>\n<\/font><\/p><\/blockquote>\n<p>(Quelle: <a href=\"http:\/\/www.kritische-polizisten.de\/stuttgart_21\/pressemitteilung_stuttgart-21_2010-10-03.pdf\">Bundesarbeitsgemeinschaft Kritischer Polizistinnen und Polizisten (Hamburger Signal) e.V. &#8211; &#8222;Pressemitteilung zu dem Einsatz im Schlossgarten am 30.9.2010&#8220;<\/a>)<\/p>\n<p><u><b>Links:<\/b><\/u><\/p>\n<p>&#8211; Bundesarbeitsgemeinschaft Kritischer Polizistinnen und Polizisten (Hamburger Signal) e.V.: <a href=\"http:\/\/www.kritische-polizisten.de\/stuttgart_21\/pressemitteilung_stuttgart-21_2010-10-03.pdf\">Pressemitteilung zu dem Einsatz im Schlossgarten am 30.9.2010<\/a> (PDF)<br \/>\n<u>Eigene Artikel:<\/u><\/p>\n<p>&#8211; Gehirnsturm: <a href=\"http:\/\/gehirnsturm.info\/?p=1427\">* Stuttgart spezial * !!! S21 !!! Traue kein Gutachten, das Du nicht selbst gef\u00e4lscht hast!<\/a><br \/>\n&#8211; Gehirnsturm: <a href=\"http:\/\/gehirnsturm.info\/?p=1441\">* Stuttgart spezial * !!! S21 !!! Baumhaus ger\u00e4umt oder wie der B\u00fcrger kriminalisiert wird!<\/a><br \/>\n&#8211; Gehirnsturm: <a href=\"http:\/\/gehirnsturm.info\/?p=1465\">* Stuttgart spezial * !!! S21 !!! Bald ist Wahl in Baden-W\u00fcrttemberg &#8211; Die Verarschung der Politiker\/Parteien ist im vollen Gange!<\/a><br \/>\n&#8211; Gehirnsturm: <a href=\"http:\/\/gehirnsturm.info\/?p=1485\">* Stuttgart spezial * !!! S21 !!! &#8222;demokratisch legitimiert&#8220; f\u00fcrn Arsch!<\/a><br \/>\n&#8211; Gehirnsturm: <a href=\"http:\/\/gehirnsturm.info\/?p=1553\">* Stuttgart spezial * !!! S21 !!! &#8222;demokratisch legitimiert&#8220; f\u00fcrn Arsch! &#8211; Teil 2<\/a><br \/>\n&#8211; Gehirnsturm: <a href=\"http:\/\/gehirnsturm.info\/?p=1592\">* Stuttgart spezial * !!! S21 !!! &#8222;demokratisch legitimiert&#8220; f\u00fcrn Arsch! &#8211; Teil 3<\/a><br \/>\n&#8211; Gehirnsturm: <a href=\"http:\/\/gehirnsturm.info\/?p=1493\">[F!XMBR] Baden-W\u00fcrttembergs Jagd auf die Lehrkr\u00e4fte<\/a><br \/>\n&#8211; Gehirnsturm: <a href=\"http:\/\/gehirnsturm.info\/?p=1497\">* Stuttgart spezial * !!! S21 !!! Widerstand, Wahlkampf, Politik und die Parteien<\/a><br \/>\n&#8211; Gehirnsturm: <a href=\"http:\/\/gehirnsturm.info\/?p=1507\">[F!XMBR] Heiner Gei\u00dfler bereits am ersten Tag gescheitert?<\/a><br \/>\n&#8211; Gehirnsturm: <a href=\"http:\/\/gehirnsturm.info\/?p=1513\">* Stuttgart spezial * !!! S21 !!! Ein Blick auf die Gewaltt\u00e4tigkeit am 30.09.2010 in Stuttgart<\/a><br \/>\n&#8211; Gehirnsturm: <a href=\"http:\/\/gehirnsturm.info\/?p=1619\">* Stuttgart spezial * !!! S21 !!! Ein Blick auf den 30.09.2010 in Stuttgart >> Eine Juristische Einsch\u00e4tzung<\/a><br \/>\n&#8211; Gehirnsturm: <a href=\"http:\/\/gehirnsturm.info\/?p=1534\">* Stuttgart spezial * !!! S21 !!! Ein Traumjob f\u00fcr PR-Spezialisten bei der Stadt Stuttgart und einen goldenen Kn\u00fcppel f\u00fcr Mappus<\/a><br \/>\n&#8211; Gehirnsturm: <a href=\"http:\/\/gehirnsturm.info\/?p=2114\">* Stuttgart spezial * !!! S21 !!! Bahn macht Baustopp und Ramsauer will S21 von der Neubaustrecke abkoppeln<\/a><br \/>\n&#8211; Gehirnsturm: <a href=\"http:\/\/gehirnsturm.info\/?p=1701\">* Stuttgart spezial * !!! S21 !!! Mappus: &#8222;Es gebe einen \u201enicht unerheblichen Teil von Berufsdemonstranten,\u2026&#8220;&#8220;<\/a><br \/>\n&#8211; Gehirnsturm: <a href=\"http:\/\/gehirnsturm.info\/?p=1743\">[Update] * Stuttgart spezial * !!! S21 !!! Mappus: &#8222;Es gebe einen \u201enicht unerheblichen Teil von Berufsdemonstranten,\u2026&#8220;&#8220;<\/a><br \/>\n&#8211; Gehirnsturm: <a href=\"http:\/\/gehirnsturm.info\/?p=1630\">* Stuttgart spezial * !!! S21 !!! \u2026 und die Musik \u2013 &#8222;Auf de schw\u00e4bsche Eisenbahne&#8220;<\/a><br \/>\n&#8211; Gehirnsturm: <a href=\"http:\/\/gehirnsturm.info\/?p=1734\">* Stuttgart spezial * !!! S21 !!! \u2026 und die Musik \u2013 &#8222;Auf de schw\u00e4bsche Eisenbahne&#8220; [Update]<\/a><br \/>\n&#8211; Gehirnsturm: <a href=\"http:\/\/gehirnsturm.info\/?p=1803\">* Stuttgart spezial * !!! S21 !!! \u2026 und die Musik \u2013 &#8222;Auf de schw\u00e4bsche Eisenbahne&#8220; [Update-2]<\/a><\/p>\n<p><font color=\"#888888\"><i><b>Hinweis:<\/b><br \/>\nDie meisten Artikel von mir zum Thema &#8222;Stuttgart 21&#8220; wurden vor meinem Umzug auf diesen Blog unter dem Blog &#8222;Ich bin Terrorist&#8220; geschrieben. Die dort eingestellten links f\u00fchrten zu den Seiten auf dem Blog &#8222;Ich bin Terrorist&#8220;. Da mein Anbieter den Server Mitte April 2011 nicht weiter betreiben wird, w\u00fcrden diese Links dann ins leere gehen. Ich habe mich deshalb entschlossen, diesen Linkblock einfach in alle Artikel zu dem Thema &#8222;Stuttgart 21&#8220; einzupflegen, weil dies schneller geht, als die jetzigen Links umzuschreiben. Ich bitte um Verst\u00e4ndnis.<\/i><\/font><\/p>\n<p>&#8211; Gehirnsturm: <a href=\"http:\/\/gehirnsturm.info\/?p=1326\">Deutschland, deine Menschenrechtsverletzungen \u2013 Pressekonferenz Amnesty International<\/a><br \/>\n&#8211; Gehirnsturm: <a href=\"http:\/\/gehirnsturm.info\/?p=1342\">[Update] Deutschland, deine Menschenrechtsverletzungen \u2013 Pressekonferenz Amnesty International<\/a><\/p>\n","protected":false},"excerpt":{"rendered":"<p>Grundgesetz: Artikel 2 [&#8230;] (2) Jeder hat das Recht auf Leben und k\u00f6rperliche Unversehrtheit. Artikel 3 [&#8230;] (3) Niemand darf wegen seines Geschlechtes, seiner Abstammung, seiner Rasse, seiner Sprache, seiner Heimat und Herkunft, seines Glaubens, seiner religi\u00f6sen oder politischen Anschauungen &hellip; <a href=\"http:\/\/gehirnsturm.info\/?p=1485\">Weiterlesen <span class=\"meta-nav\">&rarr;<\/span><\/a><\/p>\n","protected":false},"author":2,"featured_media":0,"comment_status":"open","ping_status":"open","sticky":false,"template":"","format":"standard","meta":[],"categories":[5,7,10,11,13,14,19,15],"tags":[83,84,88,93,116,135,158,164,184,192,211,1407,248,262,1409,316,327,333,345,346,358,421,422,1410,435,437,438,470,506,521,530,531,602,603,608,627,628,643],"_links":{"self":[{"href":"http:\/\/gehirnsturm.info\/index.php?rest_route=\/wp\/v2\/posts\/1485"}],"collection":[{"href":"http:\/\/gehirnsturm.info\/index.php?rest_route=\/wp\/v2\/posts"}],"about":[{"href":"http:\/\/gehirnsturm.info\/index.php?rest_route=\/wp\/v2\/types\/post"}],"author":[{"embeddable":true,"href":"http:\/\/gehirnsturm.info\/index.php?rest_route=\/wp\/v2\/users\/2"}],"replies":[{"embeddable":true,"href":"http:\/\/gehirnsturm.info\/index.php?rest_route=%2Fwp%2Fv2%2Fcomments&post=1485"}],"version-history":[{"count":1,"href":"http:\/\/gehirnsturm.info\/index.php?rest_route=\/wp\/v2\/posts\/1485\/revisions"}],"predecessor-version":[{"id":2126,"href":"http:\/\/gehirnsturm.info\/index.php?rest_route=\/wp\/v2\/posts\/1485\/revisions\/2126"}],"wp:attachment":[{"href":"http:\/\/gehirnsturm.info\/index.php?rest_route=%2Fwp%2Fv2%2Fmedia&parent=1485"}],"wp:term":[{"taxonomy":"category","embeddable":true,"href":"http:\/\/gehirnsturm.info\/index.php?rest_route=%2Fwp%2Fv2%2Fcategories&post=1485"},{"taxonomy":"post_tag","embeddable":true,"href":"http:\/\/gehirnsturm.info\/index.php?rest_route=%2Fwp%2Fv2%2Ftags&post=1485"}],"curies":[{"name":"wp","href":"https:\/\/api.w.org\/{rel}","templated":true}]}}