{"id":1630,"date":"2010-11-02T16:21:19","date_gmt":"2010-11-02T15:21:19","guid":{"rendered":"http:\/\/ichbinterrorist.de\/?p=1630"},"modified":"2010-12-10T23:19:24","modified_gmt":"2010-12-10T22:19:24","slug":"stuttgart-spezial-s21-und-die-musik-auf-de-schwabsche-eisenbahne","status":"publish","type":"post","link":"http:\/\/gehirnsturm.info\/?p=1630","title":{"rendered":"* Stuttgart spezial * !!! S21 !!! &#8230; und die Musik &#8211; &quot;Auf de schw\u00e4bsche Eisenbahne&quot;"},"content":{"rendered":"<p>Bei <a href=\"http:\/\/www.spiegelfechter.com\">&#8222;Der Spiegelfechter&#8220;<\/a> wurde die Tage das altbekannte Lied &#8222;Auf de schw\u00e4bsche Eisenbahne&#8220; mit neuem Text versehen eingestellt. Drunter hat er Geschrieben &#8222;Verfasser unbekannt, Weiterverbreitung erw\u00fcnscht&#8220;. Dem wollen wir doch folge leisten \ud83d\ude09<\/p>\n<blockquote><p><font color=\"#ff00ff\"><big><b>Auf de schw\u00e4bsche Eisenbahne<\/b><\/big><br \/>\n<b>das Lied zu den Schlichtungsgespr\u00e4chen:<\/b><\/p>\n<p>Auf de schw\u00e4bsche Eisenbahne<br \/>\ngibt\u00b4s gar viele Haltstatione,<br \/>\nStuttgart, Ulm und Biberach,<br \/>\nMeckenbeuren, Durlesbach \u2013 Trulla, \u2026<\/p>\n<p>An manchen dieser Haltstationen<br \/>\nbr\u00e4uchten wir ein paar Millionen<br \/>\nund dann h\u00e4tte \u2013 ach juchhee! &#8211;<br \/>\nMarkdorf bald auch ein W.C. \u2013 Trulla,\u2026<\/p>\n<p>Auf gar vielen schw\u00e4b\u00b4schen Strecken<br \/>\ntr\u00f6deln Z\u00fcge wie die Schnecken.<br \/>\nDroht die Bahn auch zu verrecken,<br \/>\nGeld fehlt hier an allen Ecken. \u2013 Trulla,\u2026<\/p>\n<p>Woll`n wir das Klima nicht riskieren,<br \/>\nm\u00fcssen wir schlau investieren,<br \/>\nNahverkehr gut ausgestalten<br \/>\nund in Durlesbach auch halten. \u2013 Trulla,\u2026<\/p>\n<p>Mit neuen Oberleitungstrassen<br \/>\nw\u00fcrd\u00b4 man den Anschluss nicht verpassen.<br \/>\nIn Lindau, Ulm und auch in Singen<br \/>\nw\u00fcrd\u00b4 kein Diesel mehr erklingen. \u2013 Trulla,\u2026<\/p>\n<p>In Stuttgart wird viel Geld vergraben,<br \/>\nNutzen wird das keinen haben,<br \/>\nh\u00f6chstens f\u00fcr die Bauwirtschaft,<br \/>\nder Denkmalschutz wird abgeschafft. \u2013 Trulla,\u2026<\/p>\n<p>Milliarden wollen sie versenken,<br \/>\nden Schwaben gibt das schwer zu denken.<br \/>\nHier bei uns bringt\u00b4s doch viel mehr<br \/>\nf\u00fcr den Eisenbahnverkehr.-Trulla,\u2026<\/p>\n<p>Ein Hauptbahnhof im Untergrund<br \/>\nist alles and\u00b4re als gesund:<br \/>\nAcht Gleise nur noch an der Zahl<br \/>\nsind f\u00fcr die Zukunft echt fatal! \u2013 Trulla,\u2026<\/p>\n<p>\u201cEs einundzwanzig\u201d wird\u00b4s genannt,<br \/>\ndoch wir finden\u00b4s hirnverbrannt,<br \/>\nviel zu teuer und zu doof<br \/>\nist der Hauptstadt-U-Bahnhof. -Trulla,\u2026<\/p>\n<p>Neuerdings gilt generell<br \/>\nein Kopfbahnhof als provinziell.<br \/>\nM\u00fcnchen, Rom und auch Paris<br \/>\nbeweisen, dass das Schwachsinn is\u00b4! \u2013 Trulla,\u2026<\/p>\n<p>Der Widerstand wird plattgeb\u00fcgelt,<br \/>\nweggespritzt und weggepr\u00fcgelt.<br \/>\nTr\u00e4nengas und Pfefferspray<br \/>\nfindet Mappus auch okay. \u2013 Trulla,\u2026<\/p>\n<p>Zum Schluss des Liedes die Moral:<br \/>\nDenkt dran, bei der n\u00e4chsten Wahl<br \/>\nschieben wir mit Schwabenflei\u00df<br \/>\nden Mappus auf ein Abstellgleis! \u2013 Trulla,\u2026<\/p>\n<p>(Verfasser unbekannt, Weiterverbreitung erw\u00fcnscht)<\/font><\/p><\/blockquote>\n<p>(Quelle: <a href=\"http:\/\/www.spiegelfechter.com\/wordpress\/4408\/auf-de-schwabsche-eisenbahne\">Der Spiegelfechter &#8211; &#8222;Auf de schw\u00e4bsche Eisenbahne&#8220;<\/a>)<\/p>\n<p>Neben diesem Text wurde auf dem Blog <a href=\"http:\/\/www.zwoelfzeilen.com\">&#8222;zw\u00f6lf zeilen zur zeit&#8220;<\/a> auch drei Strophen zur Melodie von &#8222;Auf de schw\u00e4bsche Eisenbahne&#8220; gedichtet (M\u00fcssen ja 3 Strophen \u00e1 4 Zeilen sein, damit es auch auf !!! 12 Zeilen !!! kommt):<\/p>\n<blockquote><p><font color=\"#ff00ff\"><center><big><b>kn\u00fcppel aus dem sek<\/b><\/big><br \/>\n<br \/>\nauf der schw\u00e4bsche eisebahne<br \/>\nisch a polizischdle gfahre<br \/>\ngoht nach schduargard, schl\u00f6sslesplatz<br \/>\nfreut si auf sain gro\u00dfeinsatz<br \/>\n<br \/>\npfefferschbraypischdole g\u2019lade<br \/>\nwasserwerferrohr schdehd grade<br \/>\npr\u00fcgelt in die menge rein<br \/>\nbricht dem rentner s\u2019schl\u00fcsselbein<br \/>\n<br \/>\n\u201cwohlschdandsb\u00fcrger, du verw\u00f6hnter!<br \/>\npassts dir ned, dann geh doch!\u201d, h\u00f6hnt er<br \/>\nschdaadsgewalt wird demonschdrierd<br \/>\ngrundrecht isch schnell massagriert<\/center><\/font><\/p><\/blockquote>\n<p>(Quelle: <a href=\"http:\/\/www.zwoelfzeilen.com\/2010\/09\/30\/knuppel-aus-dem-sek\/\">zw\u00f6lf zeilen zur zeit &#8211; &#8222;kn\u00fcppel aus dem sek&#8220;<\/a> [mit freundlicher Genehmigung])<\/p>\n<p>In den Kommentaren zu <a href=\"http:\/\/www.spiegelfechter.com\">&#8222;Der Spiegelfechter&#8220;<\/a> (wo ich auch den Hinweis auf den Blog <a href=\"http:\/\/www.zwoelfzeilen.com\">&#8222;zw\u00f6lf zeilen zur zeit&#8220;<\/a> gefunden hatte) hat sich noch ein Leser mit dem Dichten von weiteren Strophen versucht:<\/p>\n<blockquote><p><font color=\"#ff00ff\">der mappus ist ja gern auf reisen.<br \/>\nzuletz ins reiche k\u00f6nigreich,<br \/>\nbewundert dort die ganzen taten,<br \/>\nzerflie\u00dft f\u00f6rmlich in l\u00f6blichkeit ! \u2013 Trulla,\u2026<\/p>\n<p>so w\u00fcnscht er sich auch in seinem lande,<br \/>\nsein volk h\u00e4tt nichts zu melden,<br \/>\ndenn er ist ja auch fest im bande,<br \/>\nmit kapitalistischen schelmen ! \u2013 Trulla,\u2026<\/p>\n<p>mit k\u00f6nig, f\u00fchrer und diktator,<br \/>\nlie\u00df sich leichter kohle machen,<br \/>\nbewiesen wurd\u2019s nicht nur in chile,<br \/>\nfrag mal die aktion\u00e4re ! \u2013 Trulla,\u2026<\/p>\n<p>mir dr\u00e4ngt sich nun die frage auf,<br \/>\nwas ist gut f\u00fcr mensch und tier,<br \/>\ndie antwort f\u00e4llt doch einfach aus,<br \/>\nwas z\u00e4hlt ist nicht die gier ! \u2013 Trulla,\u2026<\/p>\n<p>doch mancher macht ja gern die fehler,<br \/>\naus denen andere bereits gelernt,,<br \/>\nso wiederholt sich die geschichte,<br \/>\nund ich find\u2019s unerh\u00f6rt ! \u2013 Trulla,\u2026<\/font><\/p><\/blockquote>\n<p>(Quelle: <a href=\"http:\/\/www.spiegelfechter.com\/wordpress\/4408\/auf-de-schwabsche-eisenbahne#comment-89069\">Der Spiegelfechter &#8211; Kommentare zu &#8222;Auf de schw\u00e4bsche Eisenbahne&#8220;<\/a>)<\/p>\n<p>Leider kann ich den Urheber dieser Zeilen nicht n\u00e4her bezeichnen, da er sich nur mit dem Pseudonym &#8222;e&#8220; bei <a href=\"http:\/\/www.spiegelfechter.com\">&#8222;Der Spiegelfechter&#8220;<\/a> gekennzeichnet hat.<\/p>\n<p>Auch bei YouTube wird man f\u00fcndig.<br \/>\nDer Gitarrist <a href=\"http:\/\/www.schwabenkrawall.de\/\">Bernd Kleiner<\/a> hat sich auch dem Traditionslied gewidmet und seine Interpretation bei YouTube akustisch vorgestellt:<br \/>\n<br \/>\n<object width=\"480\" height=\"385\"><param name=\"movie\" value=\"http:\/\/www.youtube.com\/v\/YZszumdZF2o?fs=1&amp;hl=de_DE\"><\/param><param name=\"allowFullScreen\" value=\"true\"><\/param><param name=\"allowscriptaccess\" value=\"always\"><\/param><embed src=\"http:\/\/www.youtube.com\/v\/YZszumdZF2o?fs=1&amp;hl=de_DE\" type=\"application\/x-shockwave-flash\" allowscriptaccess=\"always\" allowfullscreen=\"true\" width=\"480\" height=\"385\"><\/embed><\/object><\/p>\n<p>Dann ist da noch die Badische Gruppe <a href=\"http:\/\/www.gaelfiaessler.de\/\">&#8222;d&#8216; G\u00e4lfi\u00e4\u00dfler&#8220;<\/a>, die in Freiburg auf der Baden-Messe ihre Interpretation des Liedes vorgetragen haben:<br \/>\n<br \/>\n<object width=\"480\" height=\"385\"><param name=\"movie\" value=\"http:\/\/www.youtube.com\/v\/nj80h_kRVVw?fs=1&amp;hl=de_DE\"><\/param><param name=\"allowFullScreen\" value=\"true\"><\/param><param name=\"allowscriptaccess\" value=\"always\"><\/param><embed src=\"http:\/\/www.youtube.com\/v\/nj80h_kRVVw?fs=1&amp;hl=de_DE\" type=\"application\/x-shockwave-flash\" allowscriptaccess=\"always\" allowfullscreen=\"true\" width=\"480\" height=\"385\"><\/embed><\/object><\/p>\n<p>Zu guter Letzt noch eine Version von dem SWR3 &#8222;SWR3 Comedy: Auf der Stuttgart 21-Bahne&#8220;:<br \/>\n<br \/>\n<object width=\"480\" height=\"385\"><param name=\"movie\" value=\"http:\/\/www.youtube.com\/v\/bIWWuS5Sqdg?fs=1&amp;hl=de_DE\"><\/param><param name=\"allowFullScreen\" value=\"true\"><\/param><param name=\"allowscriptaccess\" value=\"always\"><\/param><embed src=\"http:\/\/www.youtube.com\/v\/bIWWuS5Sqdg?fs=1&amp;hl=de_DE\" type=\"application\/x-shockwave-flash\" allowscriptaccess=\"always\" allowfullscreen=\"true\" width=\"480\" height=\"385\"><\/embed><\/object><\/p>\n<p>\n<strong>UPDATE (28.11.2010):<\/strong><br \/>\nUnter der Rubrik &#8222;Auf de schw\u00e4bsche Eisenbahne&#8220;, die Aufarbeitung der Bahnsituation mit schw\u00e4bschen Liedgut habe ich eine weitere sehenswerte Version des Volksliedes gefunden. Nicht nur Textbezogen interessant, nein es wird auch Optisch einiges Geboten. ;):<\/p>\n<p><object width=\"640\" height=\"385\"><param name=\"movie\" value=\"http:\/\/www.youtube.com\/v\/mB4OPppgLWo?fs=1&amp;hl=de_DE\"><\/param><param name=\"allowFullScreen\" value=\"true\"><\/param><param name=\"allowscriptaccess\" value=\"always\"><\/param><embed src=\"http:\/\/www.youtube.com\/v\/mB4OPppgLWo?fs=1&amp;hl=de_DE\" type=\"application\/x-shockwave-flash\" allowscriptaccess=\"always\" allowfullscreen=\"true\" width=\"640\" height=\"385\"><\/embed><\/object><\/p>\n<p><strong>UPDATE (10.12.2010):<\/strong><br \/>\n<br \/>\nNoch eine nette Version des alten Volksliedes im Zusammenhang mit &#8222;Stuttgart 21&#8220;<\/p>\n<p><b>Tilman Lucke &#8211; Stuttgart 21, &#8222;Mit Mappus in die Grube&#8220;<\/b><\/p>\n<p><object width=\"480\" height=\"385\"><param name=\"movie\" value=\"http:\/\/www.youtube.com\/v\/DSIqsqUmxL8?fs=1&amp;hl=de_DE\"><\/param><param name=\"allowFullScreen\" value=\"true\"><\/param><param name=\"allowscriptaccess\" value=\"always\"><\/param><embed src=\"http:\/\/www.youtube.com\/v\/DSIqsqUmxL8?fs=1&amp;hl=de_DE\" type=\"application\/x-shockwave-flash\" allowscriptaccess=\"always\" allowfullscreen=\"true\" width=\"480\" height=\"385\"><\/embed><\/object><\/p>\n<p>\n<strong>____________________________________________________________________________________________<br \/>\n____________________________________________________________________________________________<br \/>\n____________________________________________________________________________________________<\/strong><\/p>\n<p>Und f\u00fcr alle (Wir K\u00f6lner w\u00fcrden sagen &#8222;Imies&#8220;, also ein Fremder), die das Lied nicht kennen, hier das Original. Das Lied wird hier von Willy Reichert (* 30. August 1896 in Stuttgart; \u2020 8. Dezember 1973) gesungen, der es &#8211; wie in diesem Fall &#8211; wie eine Moritat vortrug:<br \/>\n<br \/>\n<object width=\"480\" height=\"385\"><param name=\"movie\" value=\"http:\/\/www.youtube.com\/v\/dlVZcaM8nPo?fs=1&amp;hl=de_DE\"><\/param><param name=\"allowFullScreen\" value=\"true\"><\/param><param name=\"allowscriptaccess\" value=\"always\"><\/param><embed src=\"http:\/\/www.youtube.com\/v\/dlVZcaM8nPo?fs=1&amp;hl=de_DE\" type=\"application\/x-shockwave-flash\" allowscriptaccess=\"always\" allowfullscreen=\"true\" width=\"480\" height=\"385\"><\/embed><\/object><\/p>\n<p>Zu dem Volkslied selbst hier der Wikipedia-Link:<a href=\"http:\/\/de.wikipedia.org\/wiki\/Auf_der_Schw%C3%A4b%E2%80%99schen_Eisenbahn\"> Auf de Schw\u00e4b\u2019sche Eisenbahne<\/a><\/p>\n<p>Auf Links verzichte ich hier, dazu kann man meine Kategorie &#8222;S21 vs. K21&#8220; aufrufen.<br \/>\n<strong>F\u00fcr weitere Versionen von dem Volkslied &#8222;Auf de schw\u00e4bsche Eisenbahne&#8220; in Zusammenhang mit Stuttgart 21 nehme ich gerne entgegen.<\/strong><\/p>\n","protected":false},"excerpt":{"rendered":"<p>Bei &#8222;Der Spiegelfechter&#8220; wurde die Tage das altbekannte Lied &#8222;Auf de schw\u00e4bsche Eisenbahne&#8220; mit neuem Text versehen eingestellt. Drunter hat er Geschrieben &#8222;Verfasser unbekannt, Weiterverbreitung erw\u00fcnscht&#8220;. Dem wollen wir doch folge leisten \ud83d\ude09 Auf de schw\u00e4bsche Eisenbahne das Lied zu &hellip; <a href=\"http:\/\/gehirnsturm.info\/?p=1630\">Weiterlesen <span class=\"meta-nav\">&rarr;<\/span><\/a><\/p>\n","protected":false},"author":2,"featured_media":0,"comment_status":"open","ping_status":"open","sticky":false,"template":"","format":"standard","meta":[],"categories":[5,7,10,11,12,13,14,19,15,16],"tags":[23,24,25,27,76,83,84,85,88,93,98,116,135,158,164,165,167,168,171,184,187,192,203,211,228,237,242,1407,248,260,262,272,1409,300,310,316,327,333,345,346,350,351,352,358,371,380,386,401,421,422,1410,435,437,438,439,445,448,455,460,470,473,474,479,481,482,483,484,485,486,506,511,519,521,529,530,531,554,564,582,585,587,600,602,603,608,627,628,642,643],"_links":{"self":[{"href":"http:\/\/gehirnsturm.info\/index.php?rest_route=\/wp\/v2\/posts\/1630"}],"collection":[{"href":"http:\/\/gehirnsturm.info\/index.php?rest_route=\/wp\/v2\/posts"}],"about":[{"href":"http:\/\/gehirnsturm.info\/index.php?rest_route=\/wp\/v2\/types\/post"}],"author":[{"embeddable":true,"href":"http:\/\/gehirnsturm.info\/index.php?rest_route=\/wp\/v2\/users\/2"}],"replies":[{"embeddable":true,"href":"http:\/\/gehirnsturm.info\/index.php?rest_route=%2Fwp%2Fv2%2Fcomments&post=1630"}],"version-history":[{"count":1,"href":"http:\/\/gehirnsturm.info\/index.php?rest_route=\/wp\/v2\/posts\/1630\/revisions"}],"predecessor-version":[{"id":1802,"href":"http:\/\/gehirnsturm.info\/index.php?rest_route=\/wp\/v2\/posts\/1630\/revisions\/1802"}],"wp:attachment":[{"href":"http:\/\/gehirnsturm.info\/index.php?rest_route=%2Fwp%2Fv2%2Fmedia&parent=1630"}],"wp:term":[{"taxonomy":"category","embeddable":true,"href":"http:\/\/gehirnsturm.info\/index.php?rest_route=%2Fwp%2Fv2%2Fcategories&post=1630"},{"taxonomy":"post_tag","embeddable":true,"href":"http:\/\/gehirnsturm.info\/index.php?rest_route=%2Fwp%2Fv2%2Ftags&post=1630"}],"curies":[{"name":"wp","href":"https:\/\/api.w.org\/{rel}","templated":true}]}}