{"id":1926,"date":"2011-03-12T15:48:29","date_gmt":"2011-03-12T14:48:29","guid":{"rendered":"http:\/\/gehirnsturm.info\/?p=1926"},"modified":"2011-03-12T16:23:53","modified_gmt":"2011-03-12T15:23:53","slug":"atomkraft-totsicher-menschenkette-akw-neckarwestheim-stuttgart-staatskanzlei-villa-reitzenstein","status":"publish","type":"post","link":"http:\/\/gehirnsturm.info\/?p=1926","title":{"rendered":"Atomkraft TOTsicher! Menschenkette AKW Neckarwestheim &#8211;> Stuttgart: Staatskanzlei &#8222;Villa Reitzenstein&#8220;"},"content":{"rendered":"<p><a href=\"http:\/\/gehirnsturm.info\/?attachment_id=1932\" rel=\"attachment wp-att-1932\"><img decoding=\"async\" loading=\"lazy\" src=\"http:\/\/gehirnsturm.info\/wp-content\/uploads\/2011\/03\/Schlossgarten-Menschenkette-1.jpg\" alt=\"\" title=\"Schlossgarten-Menschenkette-1\" width=\"600\" height=\"478\" class=\"aligncenter size-full wp-image-1932\" srcset=\"http:\/\/gehirnsturm.info\/wp-content\/uploads\/2011\/03\/Schlossgarten-Menschenkette-1.jpg 600w, http:\/\/gehirnsturm.info\/wp-content\/uploads\/2011\/03\/Schlossgarten-Menschenkette-1-300x239.jpg 300w\" sizes=\"(max-width: 600px) 100vw, 600px\" \/><\/a><\/p>\n<p>Ein Termin, der schon l\u00e4nger in meinem Kalender stand, heute die Menschenkette gegen den Atomwahnsinn.<br \/>\nEvtl. h\u00e4tte mein innerer Schweinehund mir einen Strich durch das Vorhaben gemacht. Ich gebe es zu, ich f\u00fchle mich Demo-M\u00fcde. Zu viel passiert in diesem (nun auch meinem) &#8222;L\u00e4ndle&#8220;, was man mit klaren Kopf nicht nachvollziehen kann.<br \/>\nAber nach den neusten Nachrichten aus Japan und dem Blabla, das dies keine Gefahr f\u00fcr uns bedeutet platzte mir der Kragen endg\u00fcltig und mein &#8222;innerer Schweinehund&#8220; verpisste sich ganz schnell.<\/p>\n<p>Ich machte mich also auf den Weg.<br \/>\nEine gute halbe Stunde vor dem Zusammenschluss der Kette war ich am \u00dcbergang von &#8222;Rosensteingarten&#8220; und &#8222;unterer Schlo\u00dfgarten&#8220;. P\u00fcnklich um 13:30 wurde die Kette geschlossen. Bis 14:00 Uhr wurde Diskutiert, geklatscht, gesungen und immer wieder &#8222;ABSCHALTEN&#8220; gerufen (manchmal im Wechsel mit dem Ruf &#8222;Mappus weg&#8220;).<\/p>\n<p>Wie einfach die Aussage sein kann, sieht man in dem Bild von der Menschenkette heute &#8222;f\u00fcr Abschalten&#8220;. Mehr gibt es eigentlich nicht zu sagen.<\/p>\n<p><a href=\"http:\/\/gehirnsturm.info\/?attachment_id=1927\" rel=\"attachment wp-att-1927\"><img decoding=\"async\" loading=\"lazy\" src=\"http:\/\/gehirnsturm.info\/wp-content\/uploads\/2011\/03\/Schlossgarten-Menschenkette-219x300.jpg\" alt=\"\" title=\"Schlossgarten-Menschenkette\" width=\"219\" height=\"300\" class=\"aligncenter size-medium wp-image-1927\" srcset=\"http:\/\/gehirnsturm.info\/wp-content\/uploads\/2011\/03\/Schlossgarten-Menschenkette-219x300.jpg 219w, http:\/\/gehirnsturm.info\/wp-content\/uploads\/2011\/03\/Schlossgarten-Menschenkette.jpg 500w\" sizes=\"(max-width: 219px) 100vw, 219px\" \/><\/a><\/p>\n<p>In unserem Streckenabschnitt sind auf einem Kilometer rund 1400 Menschen gewesen. So die Aussage einer der Ordner, der zwecks Z\u00e4hlung mit dem Rad unterwegs war.<br \/>\nDie Gesamtzahl schwankt derzeit von &#8222;\u00fcber 40.000&#8220; bis &#8222;60.000&#8220; Menschen.<\/p>\n<p>Der n\u00e4chste Schritt ist es diesem Atomstandort Baden-W\u00fcrttemberg bei der Wahl am 27.3.2011 seine Meinung zu sagen. Das ist nicht der einzige Grund, warum &#8222;Rambo Mappus&#8220; nicht als Landesvater akzeptabel ist.<\/p>\n<blockquote><p><font color=\"#ff00ff\">Wenn die demokratischen Tugend des sich Einmischens nicht mehr nur im Internet sondern immer mehr auch auf der Strasse stattfindet, dann wird vielleicht auch der Satz des  Sprechers von ausgestrahlt Jochen Stay wahr: \u201eAngela Merkel und Stefan Mappus werden merken: Wer Laufzeiten verl\u00e4ngert, verk\u00fcrzt seine Regierungszeit.\u201c<\/font><\/p><\/blockquote>\n<p>(Quelle: <a href=\"http:\/\/www.zoolamar.com\/2011\/03\/12\/anti-atom-menschenkette-bei-stuttgart-im-zeichen-der-atomkatastrophe-von-fukushima\/\">zoolamar &#8211; &#8222;Anti-Atom-Menschenkette bei Stuttgart im Zeichen der Atomkatastrophe von Fukushima&#8220;<\/a>)<\/p>\n<p><u><b>Links:<\/b><\/u><\/p>\n<p>&#8211; ptext.de Presseportal: <a href=\"http:\/\/www.ptext.de\/nachrichten\/60-000-teilnehmer-anti-atom-menschenkette-akw-neckarwestheim-stuttgart-155156\">Pressemitteilung vom BUND &#8211; &#8222;60 000 Teilnehmer bei der Anti-Atom-Menschenkette zwischen dem AKW Neckarwestheim und Stuttgart&#8220;<\/a><\/p>\n<p>&#8211; zoolamar: <a href=\"http:\/\/www.zoolamar.com\/2011\/03\/12\/anti-atom-menschenkette-bei-stuttgart-im-zeichen-der-atomkatastrophe-von-fukushima\/\">Anti-Atom-Menschenkette bei Stuttgart im Zeichen der Atomkatastrophe von Fukushima<\/a><\/p>\n<p>(Fotos sind beide von mir)<\/p>\n","protected":false},"excerpt":{"rendered":"<p>Ein Termin, der schon l\u00e4nger in meinem Kalender stand, heute die Menschenkette gegen den Atomwahnsinn. Evtl. h\u00e4tte mein innerer Schweinehund mir einen Strich durch das Vorhaben gemacht. Ich gebe es zu, ich f\u00fchle mich Demo-M\u00fcde. Zu viel passiert in diesem &hellip; <a href=\"http:\/\/gehirnsturm.info\/?p=1926\">Weiterlesen <span class=\"meta-nav\">&rarr;<\/span><\/a><\/p>\n","protected":false},"author":2,"featured_media":0,"comment_status":"open","ping_status":"open","sticky":false,"template":"","format":"standard","meta":[],"categories":[6,18,10,13,15],"tags":[52,678,1413,367,679,680,530],"_links":{"self":[{"href":"http:\/\/gehirnsturm.info\/index.php?rest_route=\/wp\/v2\/posts\/1926"}],"collection":[{"href":"http:\/\/gehirnsturm.info\/index.php?rest_route=\/wp\/v2\/posts"}],"about":[{"href":"http:\/\/gehirnsturm.info\/index.php?rest_route=\/wp\/v2\/types\/post"}],"author":[{"embeddable":true,"href":"http:\/\/gehirnsturm.info\/index.php?rest_route=\/wp\/v2\/users\/2"}],"replies":[{"embeddable":true,"href":"http:\/\/gehirnsturm.info\/index.php?rest_route=%2Fwp%2Fv2%2Fcomments&post=1926"}],"version-history":[{"count":21,"href":"http:\/\/gehirnsturm.info\/index.php?rest_route=\/wp\/v2\/posts\/1926\/revisions"}],"predecessor-version":[{"id":1949,"href":"http:\/\/gehirnsturm.info\/index.php?rest_route=\/wp\/v2\/posts\/1926\/revisions\/1949"}],"wp:attachment":[{"href":"http:\/\/gehirnsturm.info\/index.php?rest_route=%2Fwp%2Fv2%2Fmedia&parent=1926"}],"wp:term":[{"taxonomy":"category","embeddable":true,"href":"http:\/\/gehirnsturm.info\/index.php?rest_route=%2Fwp%2Fv2%2Fcategories&post=1926"},{"taxonomy":"post_tag","embeddable":true,"href":"http:\/\/gehirnsturm.info\/index.php?rest_route=%2Fwp%2Fv2%2Ftags&post=1926"}],"curies":[{"name":"wp","href":"https:\/\/api.w.org\/{rel}","templated":true}]}}