{"id":2927,"date":"2011-11-12T12:50:01","date_gmt":"2011-11-12T11:50:01","guid":{"rendered":"http:\/\/gehirnsturm.info\/?p=2927"},"modified":"2011-11-12T12:50:01","modified_gmt":"2011-11-12T11:50:01","slug":"die-suche-nach-dem-tot-sicheren-atommull-endlager-heuchler-allenhalben","status":"publish","type":"post","link":"http:\/\/gehirnsturm.info\/?p=2927","title":{"rendered":"Die Suche nach dem &#8222;Tot-Sicheren&#8220; Atomm\u00fcll-Endlager! Heuchler allenhalben!"},"content":{"rendered":"<p>Die innenpolitische Nachricht des Woche.<br \/>\n<strong>Ein Atomm\u00fclllager wird &#8222;Ergebnisoffen&#8220; gesucht!<\/strong><\/p>\n<p>Schon allein, da mal wieder dieser Heuchler-Begriff &#8222;Ergebnisoffen&#8220; benutzt wird, zeigt deutlich, das hier die Politik die B\u00fcrger wieder mal \u00fcber den Tisch ziehen will!<\/p>\n<p>Was wurde entschieden?<br \/>\nBis jetzt gar nichts. Da hat R\u00f6ttgen die Chefs der L\u00e4nder zu sich bestellt wegen dem Thema Atomm\u00fcll. Bis auf Kretschmann, der als Gr\u00fcner bei dem Thema, schon wegen der Glaubw\u00fcrdigkeit die Pflicht hat anwesend zu sein und McAllister, der als nieders\u00e4chsischer Ministerpr\u00e4sident direkt betroffen ist, sendeten die anderen Bundesl\u00e4nder Ihre Drittklassigen Vertreter zu der Vorladung. Das allein zeigt schon, wie Ernst die L\u00e4nder dieses Treffen nehmen, das ja auch evtl. Ihr Land als &#8222;Endlager&#8220; m\u00f6glich macht!<\/p>\n<p>Wie ernst die L\u00e4nder dieses Schmierentheater der Schwarz-Gr\u00fcnen Verzweiflungsregierung nimmt, sagt schon der l\u00e4ppische Kommentar aus Bayern:<\/p>\n<blockquote><p><font color=\"#ff00ff\">Der bayerische Umweltminister Marcel Huber (CSU) versicherte, dass der Freistaat bereit sei, an einem Konsens mitzuarbeiten: \u201eEs geht um Geologie und nicht um Ideologie\u201c, erkl\u00e4rte Huber auf Anfrage unserer Zeitung. Allerdings sei unwahrscheinlich, dass in Bayern ein geeigneter Standort gefunden werde. Huber: \u201eWir haben nun mal keinen mit Gorleben vergleichbaren Salzstock. Und unsere Granit- und Tonschichten sind zu zerkl\u00fcftet oder zu d\u00fcnn. Dies ist auch Ergebnis einer Untersuchung des Bayerischen Landesamts f\u00fcr Umwelt.\u201c<\/font><\/p><\/blockquote>\n<p>(Quelle: <a href=\"http:\/\/www.augsburger-allgemeine.de\/politik\/Endlagersuche-ohne-Tabus-id17504876.html\">Augsburger Allgemeine &#8211; Endlagersuche \u201eohne Tabus\u201c<\/a>)<\/p>\n<p>Was der Ministerpr\u00e4sident Kretschmann, der \u201cganz unabh\u00e4ngig vom Ausgang respektieren\u201d-Mann von der Sache h\u00e4lt, zeigt auch sein Vorschlag:<\/p>\n<blockquote><p><font color=\"#ff00ff\">Aus Baden-W\u00fcrttemberg kommt der Vorschlag, bundesweit bis zu vier weitere Standorte zu pr\u00fcfen und 2020\/2021 zwischen den zwei besten Optionen das Endlager auszuw\u00e4hlen. <\/font><\/p><\/blockquote>\n<p>(Quelle: <a href=\"http:\/\/www.swp.de\/ulm\/nachrichten\/politik\/Die-Landkarte-ist-wieder-weiss;art4306,1210301\">S\u00fcdwest Presse &#8211; Die Landkarte ist wieder wei\u00df<\/a>)<\/p>\n<p>So so, die &#8222;Landkarte ist wieder wei\u00df&#8220;, aber man will mal eben 4 Standorte zur Pr\u00fcfung heranziehen und dann den Besten als Endlager nehmen.  Wie wir W\u00e4hler nur die Wahl des kleinsten \u00dcbels haben, so soll nun auch das Endlager nach Ansicht eines gr\u00fcnen Ministerpr\u00e4sidenten erfolgen. Frei nach dem katholischen Leitfaden &#8222;Hauptsache man kommt in den Himmel&#8220;.<br \/>\nSo kann man dann auch nur die folgende \u00c4u\u00dferung von Ihm verstehen:<\/p>\n<blockquote><p><font color=\"#ff00ff\">&#8222;Am Ende muss der Atomm\u00fcll am m\u00f6glichst sichersten Standort gelagert werden&#8220;, sagte Baden-W\u00fcrttembergs Ministerpr\u00e4sident Winfried Kretschmann (Gr\u00fcne).<\/font><\/p><\/blockquote>\n<p>(Quelle: <a href=\"http:\/\/nachrichten.rp-online.de\/titelseite\/endlager-suche-beginnt-von-vorn-1.2586633\">RP-Online &#8211; Berlin: Endlager-Suche beginnt von vorn<\/a>)<\/p>\n<p>Also selbst der Vorzeige-Gr\u00fcne und Katholik sucht keine &#8222;sichere&#8220; L\u00f6sung, sondern nur die &#8222;am m\u00f6glichst sicherste&#8220; L\u00f6sung. Und trotzdem geht der Atomwahnsinn in &#8222;seinem&#8220; Bundesland unter der Beteiligung des Landes, die ja nicht unerhebliche Anteile an den EnBW-Aktien dank dem Verfassungsbrecher Mappus haben ungehindert weiter.<br \/>\nEr macht es also auf die ganz katholische Tradition. &#8222;Du hast gef\u00e4lligst zu glauben, ansonsten geht es halt auf den Scheiterhaufen!&#8220;<\/p>\n<p>Aber wie &#8222;wei\u00df&#8220; die Karte Deutschland wirklich ist, hat neben Bayern auch schon NRW deutlich gemacht:<\/p>\n<blockquote><p><font color=\"#ff00ff\">Reiner Priggen, Fraktionschef der Gr\u00fcnen im D\u00fcsseldorfer Landtag, betonte, NRW komme als Standort f\u00fcr ein Atomendlager nicht in Betracht. &#8222;Die geologischen Voraussetzungen sind daf\u00fcr nicht gegeben&#8220;, sagte Priggen.<\/font><\/p><\/blockquote>\n<p>(Quelle: <a href=\"http:\/\/nachrichten.rp-online.de\/titelseite\/endlager-suche-beginnt-von-vorn-1.2586633\">RP-Online &#8211; Berlin: Endlager-Suche beginnt von vorn<\/a>)<br \/>\nNaja, neben den Altlasten von Steinkohle und Braunkohle, wie Priggen hervorhebt, hat NRW ja auch damit zu k\u00e4mpfen, <a href=\"http:\/\/www.nrhz.de\/flyer\/beitrag.php?id=17050\">das es den Atomm\u00fcll der <strike>Kernforschungsanlage<\/strike> (Entschuldigung, man hat den \u00dcbel ja einen neuen Namen gegeben) Forschungszentrum J\u00fclich von dort nach Ahaus.<\/a> Ein Transport ohne Sinn und Verstand. Aber NRW beteiligt sich nat\u00fcrlich keativ an die endg\u00fcltige Entsorgung des Atomm\u00fclls, wie es das Beispiel des <a href=\"http:\/\/www.spiegel.de\/wissenschaft\/technik\/0,1518,754760,00.html\">Zaubertricks mit den 2000 Brennelementkugeln<\/a> zeigt.<br \/>\nDiese Meldung \u00fcber die Verschwundenen Bennelementekugeln und dem ach so &#8222;sicheren&#8220; Umgang mit Atomm\u00fcll passt zu der Erkenntnis, das man in Asse weit aus mehr Atomm\u00fcll gelagert hat, als angeblich dort sein d\u00fcrfte. dabei handelt es sich nicht um ein oder zwei F\u00e4sschen mehr, <a href=\"http:\/\/www.zeit.de\/wirtschaft\/2010-09\/asse-muell\">sondern um die &#8222;zehnfache&#8220; Menge.<\/a><\/p>\n<p>Und diesen Regierungen und Firmen sollen wir unsere Zukunft anvertrauen?<\/p>\n<p>Einer Gruppe von Menschen, die &#8222;Ergebnisoffen&#8220; mal ein paar m\u00f6gliche Standorte nach Eignung \u00fcberpr\u00fcfen lassen wollen und dann das kleinste \u00dcbel (nach ihrer Meinung) nehmen wollen!<\/p>\n<p>Ich habe da ein paar Vorschl\u00e4ge:<\/p>\n<ul>\n<li> Der Keller vom Bundeskanzleramt, als Dank f\u00fcr die Ausstiege von Ausstieg des Ausstieges (oder so)!<\/li>\n<li> \tIm Wohnzimmer von Trittin, der sich ja als Umweltminister die Demos gegen Castortransporte verboten hat. Dann kann er zu hause die &#8222;Akzeptanz&#8220; ja \u00fcben.<\/li>\n<li> \tIm Garten der Aufsichtsr\u00e4te und Chefs der Energiekonzerne, die den Atomm\u00fcll produzieren.<\/li>\n<\/ul>\n<p>Jeder, der behauptet, das man Atomm\u00fcll &#8222;sicher&#8220; Lagern kann ist ein Heuchler.<\/p>\n<blockquote><p><font color=\"#ff00ff\">Das atomare Zeitalter &#8211; es neigt sich in Deutschland dem Ende zu &#8211; hat mehr als zehntausend Tonnen von hochradioaktivem M\u00fcll hinterlassen, bei dem es nur eine Gewissheit gibt: er wird noch Hunderttausende von Jahren strahlen. Dieser Atomschrott wird heute in dicken Stahlbeh\u00e4ltern aufbewahrt. Sie hei\u00dfen Castoren, sind gesch\u00fctzt vor Flugzeugabst\u00fcrzen und gelten als sicher f\u00fcr die n\u00e4chsten Jahrzehnte. Ihre Zwischenlagerung &#8211; zum Teil an den Atommeilern, zum Teil in Gorleben &#8211; ist genehmigt bis 2040. Aber was kommt danach? Nach wie vielen Jahrhunderten f\u00e4ngt ein Castor an zu korrodieren? Wie sieht es mit dem staatlichen Umfeld aus, in dem unsere Ururenkel eines fernen Tages aufwachsen? Wird es eine Demokratie sein oder eine Diktatur oder gar Anarchie, in der mit dem radioaktiven Gefahrgut fahrl\u00e4ssig umgegangen wird? Keiner kann das heute wissen.<\/font><\/p><\/blockquote>\n<p>(Quelle: <a href=\"http:\/\/www.stuttgarter-zeitung.de\/inhalt.kommentar-zum-atommuell-schwarz-gruen-beweist-mut.a18273a3-7528-446b-8f28-a84cfe0ab8ae.html\">Stuttgarter Zeitung &#8211; Schwarz-Gr\u00fcn beweist Mut<\/a>)<\/p>\n<p>Dieser Teil des Kommentars der Stuttgarter Zeitung zeigt das Problem. Keiner, wirklich keiner kann voraussagen was in ein Paar Jahrzehnten ist, erst recht nicht in ein paar Jahrhunderten und schon gar nicht, was in ein paar Jahrtausenden los sein wird. Und wir rechen hier nicht um ein paar Jahrtausende sondern um einige hunderttausende von Jahren! Trotzdem wird mit dem Wahnsinn fr\u00f6hlich weiter gemacht. Trotzdem werden weiter Dinge in die Welt gesetzt, die eine L\u00fcge und Verarschung der B\u00fcrger ohne gleichen ist.<br \/>\nDas der Kommentator da von Mut der schwarz-gr\u00fcnen und vom Mut Kretschmann erz\u00e4hlt passt zu dem ganzen Hohn. Oder will man da die n\u00e4chste Ruin\u00f6se Bundesregierung herbei reden?<br \/>\nIch sehe hier \u00fcberhaupt keinen Mut, Es ist die Flucht aus der Verantwortung, egal ob schwarz, gr\u00fcn, gelb oder rot und bei der &#8222;schwarz-gelben Regierung&#8220; die Verzweiflung des Machterhalts!<\/p>\n<p>Machen wir uns nichts vor, ein &#8222;sicheres Endlager&#8220; wird es nie geben, das ist das einzige was wirklich &#8222;Sicher&#8220; ist.<br \/>\n<strong>&#8222;Ergebnisoffen&#8220;<\/strong>, was hie\u00dfe das wirklich?<br \/>\n<strong>&#8222;Ergebnisoffen&#8220;<\/strong> hie\u00dfe, das man sich ohne Festlegung mit der Lagerung von Atomm\u00fcll an sich besch\u00e4ftigt. Also nicht, wo man M\u00fcll frei nach dem Motto &#8222;nach mir die Sinnflut&#8220; endlagert, sondern welche Art der Lagerung sinnvoll ist.<\/p>\n<p>Ist es nicht viel sinnvoller, den M\u00fcll so zu lagern, das ein evtl. notwendiger Eingriff in die Lagerung leicht m\u00f6glich ist? Also kein Endlager, sondern langfristige \u00fcberwachte Depots. Und diese in einem vern\u00fcnftigen Ausma\u00df, das die Gef\u00e4hrdung m\u00f6glichst gering ist. Wie sieht es mit den ganzen Luftschutz und Atombunkern aus, die nun Ihr leben in ganz Deutschland fristen? Wie sieht es mit dem Atombunker der alten &#8222;Bonner&#8220; Regierungen in der Eifel aus? Wie die ganzen anderen alten Bunkeranlagen in Felsen und Tunneln?<br \/>\nWie sieht es aus mit alten Sch\u00e4chten oder Stollen, die in Felsen rein gehauen wurden und zum Teil sogar direkt befahrbar sind?<br \/>\nWas ist mit den hochgesicherten ehemaligen Atomraketen-Bunkern der Armee? Es gibt so viele M\u00f6glichkeiten, die eine verantwortungsbewusste Lagerung in l\u00e4ngerer Zukunft mit allen weiteren Optionen m\u00f6glich macht.<br \/>\nWas es dazu braucht ist aber ein wirklicher Wille und eine wirkliche Verantwortung unserer Nachkommen gegen\u00fcber. Aber genau dies lassen die Verantwortlichen fehlen, den wirklich verantwortungsbewussten Umgang mit dem Mist, den unsere Generationen gemacht ahben.<br \/>\nSch\u00f6n ist es das Kretschmanns katholischer Glaube bei solchen Gelegenheiten immer wieder hervorgehoben wird. Da es ja gerade die katholische Kirche ist, die Jahrhundertelang \u00fcber Leichen gegangen ist! Da wei\u00df ich auch, auf was ich Bauen kann!<\/p>\n<p>Ich muss mal wieder aufh\u00f6ren, bevor ich mich komplett in rage schreibe.<\/p>\n<p><big><b>&#8222;Eine Endlagersuche ist keine L\u00f6sung, sondern ein Verbrechen an die, die nach uns kommen, egal ob Menschen, Pflanzen oder Tiere&#8220;<\/b><\/big><\/p>\n<p><b><u>Links<\/u><\/b><\/p>\n<p>&#8211; Augsburger Allgemeine: <a href=\"http:\/\/www.augsburger-allgemeine.de\/politik\/Endlagersuche-ohne-Tabus-id17504876.html\">Endlagersuche \u201eohne Tabus\u201c<\/a><br \/>\n&#8211; S\u00fcdwest Presse: <a href=\"http:\/\/www.swp.de\/ulm\/nachrichten\/politik\/Die-Landkarte-ist-wieder-weiss;art4306,1210301\">Die Landkarte ist wieder wei\u00df<\/a><br \/>\n&#8211; RP Online:<a href=\"http:\/\/nachrichten.rp-online.de\/titelseite\/endlager-suche-beginnt-von-vorn-1.2586633\">Berlin: Endlager-Suche beginnt von vorn<\/a><br \/>\n&#8211; Neue Rheinische Zeitung: <a href=\"http:\/\/www.nrhz.de\/flyer\/beitrag.php?id=17050\">&#8222;Stopp den Atom- und Uranm\u00fclltransporten in NRW!&#8220;<\/a><br \/>\n&#8211; Spiegel Online: <a href=\"http:\/\/www.spiegel.de\/wissenschaft\/technik\/0,1518,754760,00.html\">Brennelemente aus J\u00fclich &#8211; Beh\u00f6rden r\u00e4tseln \u00fcber verschollenen Atomm\u00fcll<\/a><br \/>\n&#8211; Zeit Online: <a href=\"http:\/\/www.zeit.de\/wirtschaft\/2010-09\/asse-muell\">In Asse lagert zehn Mal mehr Atomm\u00fcll als bisher bekannt<\/a><br \/>\n&#8211; Stuttgarter Zeitung: <a href=\"http:\/\/www.stuttgarter-zeitung.de\/inhalt.kommentar-zum-atommuell-schwarz-gruen-beweist-mut.a18273a3-7528-446b-8f28-a84cfe0ab8ae.html\">Schwarz-Gr\u00fcn beweist Mut<\/a><\/p>\n<p><u>Links zu eigenen Artikeln zum Thema<\/u>:<\/p>\n<p>&#8211; Gehirnsturm: <a href=\"http:\/\/gehirnsturm.info\/?p=2174\">Unw\u00f6rter der Politik \u2013 Hier \u201cBR\u00dcCKENTECHNOLOGIE\u201d<\/a><br \/>\n&#8211; Gehirnsturm: <a href=\"http:\/\/gehirnsturm.info\/?p=2167\">Moratorium; Ethikkommission; Sicherheits\u00fcberpr\u00fcfung; Laufzeiten; Nebelkerzen; B\u00fcrgerverarschung \u2013 AKWs 2011<\/a><br \/>\n&#8211; Gehirnsturm: <a href=\"http:\/\/gehirnsturm.info\/?p=2106\">Energiepolitik \u2013 Visionen und Gr\u00f6\u00dfenwahn<\/a><br \/>\n&#8211; Gehirnsturm: <a href=\"http:\/\/gehirnsturm.info\/?p=2012\">\u201cUndenkbares\u201d denken!<\/a><br \/>\n&#8211; Gehirnsturm: <a href=\"http:\/\/gehirnsturm.info\/?p=1969\">\u00dcber Pannen spricht man nicht<\/a><br \/>\n&#8211; Gehirnsturm: <a href=\"http:\/\/gehirnsturm.info\/?p=1973\">Mappus schaltet Neckarwestheim entg\u00fcltig ab?<\/a><br \/>\n&#8211; Gehirnsturm: <a href=\"http:\/\/gehirnsturm.info\/?p=1926\">Atomkraft TOTsicher! Menschenkette AKW Neckarwestheim \u2013> Stuttgart: Staatskanzlei \u201cVilla Reitzenstein\u201d<\/a><br \/>\n&#8211; Gehirnsturm: <a href=\"http:\/\/gehirnsturm.info\/?p=1652\">*Castortransport 2010* Wi(e)dersetzen oder wie gewalt\u00e4tig ist der Widerstand<\/a><br \/>\n&#8211; Gehirnsturm: <a href=\"http:\/\/gehirnsturm.info\/?p=748\">Atomkraft! Der M\u00fcll wird von dem einen &#8222;TOTsicheren&#8220; Endlager ins n\u00e4chste &#8222;TOTsichere&#8220; Endlager gebracht und die alten Atomkraftwerke sollen weiter produzieren!<\/a><br \/>\n&#8211; Gehirnsturm: <a href=\"http:\/\/gehirnsturm.info\/?p=2671\">Gorleben verstrahlt?<\/a><br \/>\n&#8211; Gehirnsturm: <a href=\"http:\/\/gehirnsturm.info\/?p=2692\">Gorleben verstrahlt? *Teil 2*<\/a><br \/>\n&#8211; Gehirnsturm: <a href=\"http:\/\/gehirnsturm.info\/?p=2695\">Gorleben verstrahlt? *Teil 3*<\/a><\/p>\n","protected":false},"excerpt":{"rendered":"<p>Die innenpolitische Nachricht des Woche. Ein Atomm\u00fclllager wird &#8222;Ergebnisoffen&#8220; gesucht! Schon allein, da mal wieder dieser Heuchler-Begriff &#8222;Ergebnisoffen&#8220; benutzt wird, zeigt deutlich, das hier die Politik die B\u00fcrger wieder mal \u00fcber den Tisch ziehen will! Was wurde entschieden? Bis jetzt &hellip; <a href=\"http:\/\/gehirnsturm.info\/?p=2927\">Weiterlesen <span class=\"meta-nav\">&rarr;<\/span><\/a><\/p>\n","protected":false},"author":2,"featured_media":0,"comment_status":"open","ping_status":"open","sticky":false,"template":"","format":"standard","meta":[],"categories":[6,18,10,13,16],"tags":[52,787,785,132,189,258,371,526,840],"_links":{"self":[{"href":"http:\/\/gehirnsturm.info\/index.php?rest_route=\/wp\/v2\/posts\/2927"}],"collection":[{"href":"http:\/\/gehirnsturm.info\/index.php?rest_route=\/wp\/v2\/posts"}],"about":[{"href":"http:\/\/gehirnsturm.info\/index.php?rest_route=\/wp\/v2\/types\/post"}],"author":[{"embeddable":true,"href":"http:\/\/gehirnsturm.info\/index.php?rest_route=\/wp\/v2\/users\/2"}],"replies":[{"embeddable":true,"href":"http:\/\/gehirnsturm.info\/index.php?rest_route=%2Fwp%2Fv2%2Fcomments&post=2927"}],"version-history":[{"count":11,"href":"http:\/\/gehirnsturm.info\/index.php?rest_route=\/wp\/v2\/posts\/2927\/revisions"}],"predecessor-version":[{"id":2938,"href":"http:\/\/gehirnsturm.info\/index.php?rest_route=\/wp\/v2\/posts\/2927\/revisions\/2938"}],"wp:attachment":[{"href":"http:\/\/gehirnsturm.info\/index.php?rest_route=%2Fwp%2Fv2%2Fmedia&parent=2927"}],"wp:term":[{"taxonomy":"category","embeddable":true,"href":"http:\/\/gehirnsturm.info\/index.php?rest_route=%2Fwp%2Fv2%2Fcategories&post=2927"},{"taxonomy":"post_tag","embeddable":true,"href":"http:\/\/gehirnsturm.info\/index.php?rest_route=%2Fwp%2Fv2%2Ftags&post=2927"}],"curies":[{"name":"wp","href":"https:\/\/api.w.org\/{rel}","templated":true}]}}