{"id":3104,"date":"2011-11-27T09:40:15","date_gmt":"2011-11-27T08:40:15","guid":{"rendered":"http:\/\/gehirnsturm.info\/?p=3104"},"modified":"2011-11-27T10:36:12","modified_gmt":"2011-11-27T09:36:12","slug":"volksabstimmung-s21-lauft","status":"publish","type":"post","link":"http:\/\/gehirnsturm.info\/?p=3104","title":{"rendered":"Volksabstimmung S21 l\u00e4uft"},"content":{"rendered":"<p>Gleich wird die Jacke angezogen, die &#8222;Stimmbenachrichtigung f\u00fcr die Volksabstimmung \u00fcber das S21-K\u00fcndigungsgesetz&#8220; genommen und zum <strike>Wahllokal<\/strike>, falsch &#8222;Abstimmungsraum&#8220; gehen und mein Kreuz machen.<\/p>\n<p>Aber <strong>ich<\/strong> stimme \u00fcber die Finanzierung des Bahnhofes durch die Landesregierung ab und nicht \u00fcber S21 ja oder nein!<br \/>\nDas ist nicht Inhalt der Volksabstimmung!<br \/>\nAuch wenn die Mehrheit des abstimmenden &#8222;Landes&#8220; f\u00fcr die Weiterfinanzierung ist oder noch schlimmer, die Mehrheit dagegen aber nicht das erforderliche &#8222;Quorum&#8220;, so ist dies noch keine Entscheidung der Stuttgarter B\u00fcrger \u00fcber die &#8222;St\u00e4dtebauliche Ma\u00dfnahme S21 Ja oder Nein!<\/p>\n<p>Eigentlich ist die Abstimmung eine Farce und dient meiner Meinung nach nur dazu, den Gr\u00fcnen eine Basis zu geben, warum sie &#8222;gezwungen&#8220; sind, den Bau weiter zu dulden und als Regierungspartei weiter mit zu finanzieren. In der kurzen Zeit der Regierungst\u00e4tigkeit sind wieder so viele Dinge aufgetaucht, das bei wirklichen Willen der P\u00f6stchenerhascher das Projekt schon l\u00e4ngst mehr als Fragw\u00fcrdig sei.<br \/>\nKretschmann hat dies schon mehr als deutlich gemacht, das man die Entscheidung der Volksabstimmung respektieren muss, egal, ob das Projekt wirklich so zu realisieren ist.<br \/>\nIn einer Sendung &#8222;Zur Sache Baden-W\u00fcrttemberg&#8220; kann man sehr deutlich sehen, wie ein Vorstand, Herr Kefer sich um die Aussage dr\u00fcckt, was passiert, wenn die Kosten h\u00f6her als die Grenzziehung werden. Nicht nur das, ein genauer Beobachter wird die versteckte Drohung hinter den Ausweichenden Worten sehen, die dieser Ausspricht. Und wir wollen nicht vergessen, das die Bahn wegen Fehlsch\u00e4tzungen schon einige Bauruinen in die Landschaft gesetzt hat. In Stuttgart k\u00f6nnte sie es damit sogar schaffen eine komplett vorhandene Struktur zu vernichten.<br \/>\nEs lohnt sich diese 1 1\/2 Stunden anzusehen (ich wei\u00df, am Tag der Abstimmung reichlich sp\u00e4t):<br \/>\n<iframe loading=\"lazy\" width=\"640\" height=\"360\" src=\"http:\/\/www.youtube.com\/embed\/1lAEr1d-koI\" frameborder=\"0\" allowfullscreen><\/iframe><\/p>\n<p>\u00dcbrigens ist Herr Kefer eben dieser, der es als nicht erheblich findet, das k\u00f6rperlich beeintr\u00e4chtigte Menschen, zum Teil bestimmt in Rollst\u00fchlen unterwegs im Katastrophenfall j\u00e4mmerlich verrecken, wenn Sie niemand weg tr\u00e4gt aus dem Bahnhof! Also ein Mann der im Zweifel \u00fcber Leichen geht! (ich berichtete: <a href=\"http:\/\/gehirnsturm.info\/?p=2939\">&#8222;* Stuttgart spezial * !!! S21 !!! Wie der B\u00fcrger kriminalisiert wird!&#8220;<\/a>).<br \/>\nWie Kefer rumeiert, als es um die Kosten geht, kann man sehr gut ab der 30ten Minute sehen, als die h\u00e4ufigste Frage der Zuschauer beantwortet werden soll, was passiert, wenn die Kosten h\u00f6her werden.<\/p>\n<p>Kurz vor der Volksabstimmung wurde ich dann noch per Briefspam von dem B\u00fcrgermeister Schuster bel\u00e4stigt, in dem er Horrorvisionen beim Nichtbau aufzeichnet, ohne das diese wirklich begr\u00fcndet sind und nat\u00fcrlich nur das Paradies, wenn S21 gebaut wird. Auch sch\u00f6ne Bilder von einem gr\u00fcnen Park wo man am Rand eine Trabantenstadt sieht. Was verschwiegen wird ist, dass das Gr\u00fcn im Vordergrund der jetzige Park ist, also das was sowieso schon Gr\u00fcn ist und die Trabantenstadt im optisch weiten Hintergrund die jetzige Bahnfl\u00e4che ist. Und genau darum geht es. Der Park wird zum Naherholungsgebiet derjenigen, die sich die Innenstadtlage dort leisten k\u00f6nnen. Wer glaubt, dann noch am Grillplatz im unteren Schlosspark fr\u00f6hlich und unbeschwert seinen Geburtstag oder sonst was zu feiern, der wird dann garantiert von den Herrn des 30. September 2010 eines besseren belehrt.<br \/>\nBesonders unten die Bilder &#8222;Heute&#8220; und &#8222;In Zukunft&#8220; finde ich witzig. Schon im zweiten Bild zeigt man den Innenbereich eines Wohnkarrees. Wer glaubt denn wirklich, das er als Normalsterblicher dort Zutritt hat? Das werden sich die Geldmenschen in Parterre mit Terrasse sehr schnell verbitten.<br \/>\nWas auch sch\u00f6n ist sind Bild 3 und 4 der Vergleiche. Auf Bild 3 sieht man die Bahnstrecke mit der Baumreihe zum Park hin. Auf Bild 4 sieht man einen Sch\u00f6nen gr\u00fcnen Park mit einem Wall, der ins nirgendwo f\u00fchrt. Im Hintergrund das &#8222;Museum Schloss Rosenstein&#8220;. Schaut man sich das gro\u00dfe Panoramabild oben an, m\u00fcssten da aber satt dem Horizont die Mehrst\u00f6ckigen H\u00e4user der Trabantenstadt stehen.<br \/>\nDas kann f\u00fcr mich also nur bedeuten, das Herr Schuster als Unterzeichner des Schreibens mich bel\u00fcgen und t\u00e4uschen will!<\/p>\n<p>Auch gibt es sehr unterschiedliche Rechnungen zu den Ausstiegskosten. Von Gegenern des Ausstieges wird gerne die Summe 1,5 Milliarden in den Raum geworfen.<br \/>\nWieso glaube ich nur dieser Aufstellung der Kostenposten der angeblichen 1,5 Milliarden und was es tats\u00e4chlich Kostet eher (auch wenn ich glaube, das es letztendlich auch beim Ausstieg teurer wird, als hier dargestellt, da wir als Steuerzahler <u>alle<\/u> Kosten tragen, egal ob Kommune, Land, Bund oder bundeseigene Betriebe), als den Schwarzmalereien der S21 Bef\u00fchrworterrn und Ausstiegsgegnern:<\/p>\n<p><a href=\"http:\/\/gehirnsturm.info\/?attachment_id=3109\" rel=\"attachment wp-att-3109\"><img decoding=\"async\" loading=\"lazy\" src=\"http:\/\/gehirnsturm.info\/wp-content\/uploads\/2011\/11\/Ausstiegskosten.png\" alt=\"\" title=\"Ausstiegskosten\" width=\"640\" height=\"459\" class=\"aligncenter size-full wp-image-3109\" srcset=\"http:\/\/gehirnsturm.info\/wp-content\/uploads\/2011\/11\/Ausstiegskosten.png 640w, http:\/\/gehirnsturm.info\/wp-content\/uploads\/2011\/11\/Ausstiegskosten-300x215.png 300w\" sizes=\"(max-width: 640px) 100vw, 640px\" \/><\/a><br \/>\n(Quelle: <a href=\"http:\/\/infooffensive.de\/2011\/11\/tatsaechliche-ausstiegskosten\/\">Umkehrbar e. V. &#8211; Tats\u00e4chliche Ausstiegskosten<\/a>)<\/p>\n<p>Ich habe mich entschieden, welche Abstimmung ich heute treffe.<br \/>\nAber es ist meine Entscheidung \u00fcber den finanziellen Ausstieg des Landes und nicht \u00fcber den Bahnhof!<\/p>\n<p>&#8211; Gehirnsturm: <a href=\"http:\/\/gehirnsturm.info\/?p=2939\">&#8222;* Stuttgart spezial * !!! S21 !!! Wie der B\u00fcrger kriminalisiert wird!&#8220;<\/a><br \/>\n&#8211; Gehirnsturm: <a href=\"http:\/\/gehirnsturm.info\/?s=S21\">Sammlung eigener Artikel zum &#8222;Thema Stuttgart 21&#8220;<\/a><\/p>\n","protected":false},"excerpt":{"rendered":"<p>Gleich wird die Jacke angezogen, die &#8222;Stimmbenachrichtigung f\u00fcr die Volksabstimmung \u00fcber das S21-K\u00fcndigungsgesetz&#8220; genommen und zum Wahllokal, falsch &#8222;Abstimmungsraum&#8220; gehen und mein Kreuz machen. Aber ich stimme \u00fcber die Finanzierung des Bahnhofes durch die Landesregierung ab und nicht \u00fcber S21 &hellip; <a href=\"http:\/\/gehirnsturm.info\/?p=3104\">Weiterlesen <span class=\"meta-nav\">&rarr;<\/span><\/a><\/p>\n","protected":false},"author":2,"featured_media":0,"comment_status":"open","ping_status":"open","sticky":false,"template":"","format":"standard","meta":[],"categories":[5,10,13,19,15,16],"tags":[83,84,116,158,316,327,333,1410,707,470,708,530,788],"_links":{"self":[{"href":"http:\/\/gehirnsturm.info\/index.php?rest_route=\/wp\/v2\/posts\/3104"}],"collection":[{"href":"http:\/\/gehirnsturm.info\/index.php?rest_route=\/wp\/v2\/posts"}],"about":[{"href":"http:\/\/gehirnsturm.info\/index.php?rest_route=\/wp\/v2\/types\/post"}],"author":[{"embeddable":true,"href":"http:\/\/gehirnsturm.info\/index.php?rest_route=\/wp\/v2\/users\/2"}],"replies":[{"embeddable":true,"href":"http:\/\/gehirnsturm.info\/index.php?rest_route=%2Fwp%2Fv2%2Fcomments&post=3104"}],"version-history":[{"count":10,"href":"http:\/\/gehirnsturm.info\/index.php?rest_route=\/wp\/v2\/posts\/3104\/revisions"}],"predecessor-version":[{"id":3115,"href":"http:\/\/gehirnsturm.info\/index.php?rest_route=\/wp\/v2\/posts\/3104\/revisions\/3115"}],"wp:attachment":[{"href":"http:\/\/gehirnsturm.info\/index.php?rest_route=%2Fwp%2Fv2%2Fmedia&parent=3104"}],"wp:term":[{"taxonomy":"category","embeddable":true,"href":"http:\/\/gehirnsturm.info\/index.php?rest_route=%2Fwp%2Fv2%2Fcategories&post=3104"},{"taxonomy":"post_tag","embeddable":true,"href":"http:\/\/gehirnsturm.info\/index.php?rest_route=%2Fwp%2Fv2%2Ftags&post=3104"}],"curies":[{"name":"wp","href":"https:\/\/api.w.org\/{rel}","templated":true}]}}