{"id":3688,"date":"2012-02-17T17:41:06","date_gmt":"2012-02-17T16:41:06","guid":{"rendered":"http:\/\/gehirnsturm.info\/?p=3688"},"modified":"2012-02-18T08:57:03","modified_gmt":"2012-02-18T07:57:03","slug":"wulff-endlich-ein-ende","status":"publish","type":"post","link":"http:\/\/gehirnsturm.info\/?p=3688","title":{"rendered":"*Wulff* !!! ENDLICH EIN ENDE !!!"},"content":{"rendered":"<p><div id=\"attachment_3657\" style=\"width: 310px\" class=\"wp-caption alignleft\"><a href=\"http:\/\/gehirnsturm.info\/?attachment_id=3657\" rel=\"attachment wp-att-3657\"><img aria-describedby=\"caption-attachment-3657\" decoding=\"async\" loading=\"lazy\" src=\"http:\/\/gehirnsturm.info\/wp-content\/uploads\/2012\/02\/Wulff-Geier1-300x300.png\" alt=\"\" title=\"Wulff-Geier\" width=\"300\" height=\"300\" class=\"size-medium wp-image-3657\" srcset=\"http:\/\/gehirnsturm.info\/wp-content\/uploads\/2012\/02\/Wulff-Geier1-300x300.png 300w, http:\/\/gehirnsturm.info\/wp-content\/uploads\/2012\/02\/Wulff-Geier1-150x150.png 150w, http:\/\/gehirnsturm.info\/wp-content\/uploads\/2012\/02\/Wulff-Geier1.png 400w\" sizes=\"(max-width: 300px) 100vw, 300px\" \/><\/a><p id=\"caption-attachment-3657\" class=\"wp-caption-text\">Bananenrepublik \u00b9<\/p><\/div>Nein, nicht Freude, sondern Erleichterung.<br \/>\nJa, ich habe Wulff angegriffen, aber schon bei der Wahl, bzw. die Wahl an sich!<br \/>\nEr hat sich einen Mantel angezogen, der ihm nie passte.<br \/>\nF\u00fcr Ihn war es der Weg, der bequemer war, im Gegensatz zu der Alternative immer im Fokus der Kanzlerin Merkel zu sein, als vermeintliche Gefahr f\u00fcr Ihren Posten. F\u00fcr Merkel war dies eine elegante Methode eine Gef\u00e4hrdung ins Abstellgleis zu stellen.<br \/>\nDies zeigt aber auch, welche Missachtung das Amt des Bundespr\u00e4sidenten bei diesen Menschen genie\u00dft.<\/p>\n<p>Welche Missachtung Wulff dem Amt und damit dem Souver\u00e4n gegen\u00fcber hat, zeigt auch seine Abtrittsrede.<br \/>\nStatt mit einfachen Worten abzudanken, wollte er hier auch noch verzweifelt Geschichte schreiben<br \/>\n&#8230;<br \/>\n&#8230;<br \/>\nund mal wieder die Schuld bei anderen suchen.<\/p>\n<blockquote><p><font color=\"#ff00ff\">Einen Pr\u00e4sidenten, der vom Vertrauen nicht nur einer Mehrheit, sondern einer breiten Mehrheit der B\u00fcrgerinnen und B\u00fcrger getragen wird.<\/font><\/p><\/blockquote>\n<p>(Quelle: Abschiedsrede Wulff)<\/p>\n<p>Er will sich (?) oder anderen etwas vormachen? Verkennt er wirklich den Unterschied zwischen &#8222;Vertrauen&#8220; und Erwartung? Vertrauen zu Ihm hatte die Mehrheit der B\u00fcrger schon lange nicht mehr. Wohl aber eine Vernunftsmeinung bez\u00fcglich des R\u00fccktrittsverlangen. Dies \u00e4nderte sich aber immer weiter zu seinem Ungunsten und bereits seit gut 2 Wochen war eine absolute Mehrheit (> 50%) f\u00fcr einen R\u00fccktritt. <\/p>\n<blockquote><p><font color=\"#ff00ff\">Die Entwicklung der vergangenen Tage und Wochen hat gezeigt, dass dieses Vertrauen, und damit meine Wirkungsm\u00f6glichkeiten, nachhaltig beeintr\u00e4chtigt sind.<\/font><\/p><\/blockquote>\n<p>(Quelle: Abschiedsrede Wulff)<\/p>\n<p>Die Beeintr\u00e4chtigung seiner &#8222;Wirkungsm\u00f6glichkeit&#8220;, begann mit der Verleugnung seiner immer wieder Medial hervorgebrachten Moralischen Anspr\u00fcchen.<br \/>\nIn diesem Zusammenhang hatte ich angefangen neben &#8222;Mein aktueller Spruch&#8220; auch den &#8222;Wu(l)ff des Tages&#8220; rechts in der Spalte einzupflegen (Ich wollte diesen mit Moralanspr\u00fcchen aus dem Mund Wulffs bis zu seinem Ende im Amt pflegen. Da dies nun erreicht ist verschwindet dieser Men\u00fcpunkt nun wieder).<\/p>\n<p>Wulff wollte pl\u00f6tzlich, seinen eigenen Anspruch zum unterschied zwischen rechtlich nicht zu beanstandeten Handlungen zu moralisch zu beanstandenden Handlungen nicht mehr verstehen.<\/p>\n<p>Nun ist die &#8222;Causa Wulff&#8220; so weit gediegen, dass alles weitere ein Politikum ist. Dies haben aber weder die Medien, noch die Bev\u00f6lkerung zu verantworten. Die rechtliche W\u00fcrdigung (damit meine ich vor allem eine neutrale und offene Ermittlung und eine faire Entscheidung) sind jetzt nicht mehr m\u00f6glich.<br \/>\nDie &#8222;Schuld&#8220; daf\u00fcr ist von verschiedenen Seiten zu suchen.<br \/>\nAn erster Stelle bei Wulff selbst, der seine \u00c4mter zur direkten und indirekten Einflussnahme genutzt hat. Zuletzt hat er mit seinem &#8222;Auftraggeber&#8220;, dem Souver\u00e4n \u00fcber seine Anw\u00e4lte gesprochen. Das Zeigt schon, das er zu weit gegangen ist.<br \/>\nDann die Kanzlerin Merkel, die Einfluss genommen hat, wo eigentlich die Politik nicht taktisch agieren sollte. Angefangen bei der Wahl zum Bundespr\u00e4sidenten, bis zu Ihren \u00c4u\u00dferungen, das &#8222;Sie&#8220; weiter Vertrauen in Wulff habe. Nur soll ein Bundespr\u00e4sident nicht f\u00fcr die Kanzlerin (oder auch Kanzler) oder der Regierung da sein, sondern f\u00fcr das Volk. Ich empfehle allen mal dringend den Amtseid zu lesen.<br \/>\nDas Schlimme ist, das man schon wieder Parteipolitisch agiert (von allen politischen Parteien aus), statt sich mal an den Souver\u00e4n zu wenden.<br \/>\nUnd zu guter Letzt die Justiz, in Form der Staatsanwaltschaft. Klar ist es wichtig, das ein (Anfangs-) Verdacht genau \u00fcberpr\u00fcft werden muss und das alles sehr korrekt abl\u00e4uft. Das sollte aber nicht nur bei einer Person, die sich das Amt des Bundespr\u00e4sidenten angema\u00dft hat so sein, sondern bei jedem Menschen und bei jedem Vorwurf. Hinzu kommt, das ein Anfangsverdacht wegen verschiedener Dinge bereits nach \u00c4u\u00dferungen verschiedenster Rechtsgelehrter viel fr\u00fcher vorlag. Trotzdem hat man z.B. trotz immer noch bestehender Ungereimtheiten des ersten Vorwurfs wegen dem Hauskredit einen Anfangsverdacht verneint. Sie h\u00e4tte schon viel fr\u00fcher t\u00e4tig werden m\u00fcssen. Das ist auch ein Versagen des Justizministeriums des Landes Niedersachsen, als Weisungsgeber.<\/p>\n<p>Jetzt ist man so weit, das \u00e4hnlich wie bei dem Wetterfrosch eine neutrale Bewertung der Taten nicht mehr m\u00f6glich ist.<\/p>\n<p>Das ist ein Punkt, der mich wirklich w\u00fctend macht.<br \/>\nDer zweite Punkt, den ich Wulff pers\u00f6nlich vorwerfe ist, das er mit seinem Verhalten den Springerverlag mit seiner Bild zu einem zitierbaren Medium gemacht hat.<\/p>\n<p>Ich hoffe, das die rechtliche Bewertung der Handlungen von Wulff juristisch wirklich ohne Ansehen der Person und dem Druck der \u00d6ffentlichkeit aufgearbeitet wird.<br \/>\nDies unabh\u00e4ngig von z.B. meinem Rechtsempfinden und meiner eindeutigen &#8222;Meinung&#8220; dazu.<br \/>\nDies ist die Freiheit und Demokratie, die dann auch ich aushalten muss. Ich f\u00fcrchte aber, das eben \u00e4u\u00dfere Dinge sehr wohl auch Einfluss in die juristische Bewertung haben werden.<\/p>\n<p>So wie es sich abzeichnet wird die n\u00e4chste Wahl eines Bundespr\u00e4sidenten wieder zu einer Farce werden. Wenn auch evtl. unter anderem Vorzeichen. Aber so wie sich jetzt schon wieder die ersten \u00c4u\u00dferungen auftun kann man davon ausgehen, das wieder kein Kandidat des &#8222;Volkes&#8220; (= Souver\u00e4n) gew\u00e4hlt wird.<\/p>\n<p><u>Bildquelle:<\/u><br \/>\n\u00b9 \u00dcberarbeitet nach einer Vorlage von <a href=\"http:\/\/www.stupidedia.org\/stupi\/Datei:Kotzender_adler.jpg\">Stupidedia<\/a> <\/p>\n","protected":false},"excerpt":{"rendered":"<p>Nein, nicht Freude, sondern Erleichterung. Ja, ich habe Wulff angegriffen, aber schon bei der Wahl, bzw. die Wahl an sich! Er hat sich einen Mantel angezogen, der ihm nie passte. F\u00fcr Ihn war es der Weg, der bequemer war, im &hellip; <a href=\"http:\/\/gehirnsturm.info\/?p=3688\">Weiterlesen <span class=\"meta-nav\">&rarr;<\/span><\/a><\/p>\n","protected":false},"author":2,"featured_media":0,"comment_status":"open","ping_status":"open","sticky":false,"template":"","format":"standard","meta":[],"categories":[5,10,13,14],"tags":[122,314,977,512,916,884,892,885],"_links":{"self":[{"href":"http:\/\/gehirnsturm.info\/index.php?rest_route=\/wp\/v2\/posts\/3688"}],"collection":[{"href":"http:\/\/gehirnsturm.info\/index.php?rest_route=\/wp\/v2\/posts"}],"about":[{"href":"http:\/\/gehirnsturm.info\/index.php?rest_route=\/wp\/v2\/types\/post"}],"author":[{"embeddable":true,"href":"http:\/\/gehirnsturm.info\/index.php?rest_route=\/wp\/v2\/users\/2"}],"replies":[{"embeddable":true,"href":"http:\/\/gehirnsturm.info\/index.php?rest_route=%2Fwp%2Fv2%2Fcomments&post=3688"}],"version-history":[{"count":13,"href":"http:\/\/gehirnsturm.info\/index.php?rest_route=\/wp\/v2\/posts\/3688\/revisions"}],"predecessor-version":[{"id":3704,"href":"http:\/\/gehirnsturm.info\/index.php?rest_route=\/wp\/v2\/posts\/3688\/revisions\/3704"}],"wp:attachment":[{"href":"http:\/\/gehirnsturm.info\/index.php?rest_route=%2Fwp%2Fv2%2Fmedia&parent=3688"}],"wp:term":[{"taxonomy":"category","embeddable":true,"href":"http:\/\/gehirnsturm.info\/index.php?rest_route=%2Fwp%2Fv2%2Fcategories&post=3688"},{"taxonomy":"post_tag","embeddable":true,"href":"http:\/\/gehirnsturm.info\/index.php?rest_route=%2Fwp%2Fv2%2Ftags&post=3688"}],"curies":[{"name":"wp","href":"https:\/\/api.w.org\/{rel}","templated":true}]}}