{"id":4620,"date":"2012-09-22T18:54:32","date_gmt":"2012-09-22T16:54:32","guid":{"rendered":"http:\/\/gehirnsturm.info\/?p=4620"},"modified":"2012-09-29T16:13:30","modified_gmt":"2012-09-29T14:13:30","slug":"legal-illegal-scheisegal-teil-1-julia-schramm","status":"publish","type":"post","link":"http:\/\/gehirnsturm.info\/?p=4620","title":{"rendered":"Legal? Illegal?  &#8230; Schei\u00dfegal? -Teil 1- Julia Schramm"},"content":{"rendered":"<p>Eigentlich wollte ich urspr\u00fcnglich diesem Artikel den Titel &#8222;Julia Schamm und Bettina Wulff | Legal, illegal &#8230; schei\u00dfegal?&#8220; geben. Der ist in der urspr\u00fcnglichen Einleitung zu lesen:<\/p>\n<blockquote><p><span style=\"color: #ff00ff;\">Die Ereignisse der beiden passen gerade gut zusammen.<br \/>\nAuf der einen Seite eine Politikerin (lt. eigenen Angaben) im Bundesvorstand einer Partei, die f\u00fcr neue Wege des Urheberrechts steht und auf der anderen Seite eine Frau, die sich bisher dadurch auszeichnet, dass die Au\u00dfenstehenden den Eindruck haben, dass diese alles Rafft was nur irgendwie geht.<\/span><\/p>\n<p><span style=\"color: #ff00ff;\">Was Beide auszeichnet ist, dass man f\u00fcr fragw\u00fcrdige Produkte m\u00f6glich viel rausschlagen will.<\/span><\/p>\n<p><span style=\"color: #ff00ff;\">Was nicht bedeutet, das ich beide in ein Topf werfen m\u00f6chte. Mich interessiert da eher das Verst\u00e4ndnis in jedem der beiden &#8222;F\u00e4llen&#8220;.<\/span><\/p><\/blockquote>\n<p>Da dies aber meiner Meinung nach den Rahmen sprengen w\u00fcrde, habe ich dieses Thema nun in 2 Teile geteilt. Der erste Teil ist Julia Schramm gewidmet.<\/p>\n<p><a href=\"http:\/\/gehirnsturm.info\/wp-content\/uploads\/2012\/09\/Slogans_7.png\"><img decoding=\"async\" loading=\"lazy\" src=\"http:\/\/gehirnsturm.info\/wp-content\/uploads\/2012\/09\/Slogans_7.png\" alt=\"\" title=\"Slogans_7\" width=\"468\" height=\"60\" class=\"aligncenter size-full wp-image-4632\" srcset=\"http:\/\/gehirnsturm.info\/wp-content\/uploads\/2012\/09\/Slogans_7.png 468w, http:\/\/gehirnsturm.info\/wp-content\/uploads\/2012\/09\/Slogans_7-300x38.png 300w\" sizes=\"(max-width: 468px) 100vw, 468px\" \/><\/a><i>(Ein Slogan von der Piratenpartei, die diese als Banner ins Internet gestellt hatte)<\/i><\/p>\n<p>In meinen vorherigen Artikel habe ich mich schon \u00fcber das Vorgehen und der Handlung von Ihr ge\u00e4u\u00dfert. Dabei habe ich auch auf die &#8222;freie&#8220; Dikusionsm\u00f6glichkeit auf der Plattform der Piratenpartei berichtet. Man hat einfach den entsprechenden Thread geschlossen!<br \/>\nInzwischen hat der Bundesvorstand der Piratenpartei eine &#8222;Stellungsnahme&#8220; zu der Buchver\u00f6ffentlichung online gestellt.<br \/>\nUm es von meiner Seite zu sagen, ich werde diese gequirlte Schei\u00dfe nicht weiter kommentieren. Soll sich jeder selbst ein Bild von dieser Stellungsnahme machen: <a href=\"http:\/\/vorstand.piratenpartei.de\/2012\/09\/20\/stellungnahme-des-bundesvorstands-zur-buchveroffentlichung-klick-mich\/\">Stellungnahme des Bundesvorstands zur Buchver\u00f6ffentlichung \u201cKlick mich\u201d<\/a><\/p>\n<p>Interessant war nur, was man (so weit frei geschaltet) in den Kommentaren liest. besonders s\u00fc\u00df fand ich einen Kommentar, in dem versucht wird mit einem Auszug des Protokolls aus einem Bundesparteitags als Unterst\u00fctzung f\u00fcr Julia Schramm eingestellt wurde:<\/p>\n<blockquote><p><span style=\"color: #ff00ff;\"> Mcihael sagt:<br \/>\n20. September 2012 um 14:32 <\/span><\/p>\n<p><span style=\"color: #ff00ff;\">Auszug aus dem offiziellem Protokoll des Bundesparteitags 2012.1:<\/span><br \/>\n<span style=\"color: #ff00ff;\"><a href=\"http:\/\/wiki.piratenpartei.de\/Bundesparteitag_2012.1\/Protokoll\"><br \/>\nhttp:\/\/wiki.piratenpartei.de\/Bundesparteitag_2012.1\/Protokoll<\/a><\/span><br \/>\n<span style=\"color: #ff00ff;\">2012-04-28 15:41:54 Frage: Wirst Du deine neue Bekanntheit oder vermehrte Bekanntheit nutzen, um dein Buch zu vermarkten? 2012-04-28 15:42:08 Applaus. 2012-04-28 15:42:10 Julia: Ja, ich habe dieses Buch geschrieben. Es wird in diesem Jahr erscheinen und ich bekomme daf\u00fcr Geld, dass es mir erm\u00f6glicht, hier Arbeit in dem Ma\u00df zu machen. ???? Ich habe bisher stark darauf geachtet, dass man die Sachen trennt. ??? Ich wei\u00df, dass das schwer wird. Ich glaube aber, dass ich in der Urheberrechtsdebatte eigentlich genau die richtige Person bin. Der Wind pfeift uns da um die Ohren. ???? Wer Tauschb\u00f6rsen verbieten will, will das Internet verbieten. Ich werde diese Meinung vertreten, selbst wenn ich daf\u00fcr nie wieder einen Vertrag bekomme. Ich glaube, ich kann das gut vertreten, gerade weil ich Urheber bin.<br \/>\n<strong>Fazit:<br \/>\nSie wurde ins Amt gew\u00e4hlt von den Leuten denen das mit dem Buch klar war. Auch damals war bereits die Zahl 100.000 Euro im Raum, wenn sich meine Erinnerung nicht ganz verlassen hat.<\/strong><\/span><\/p><\/blockquote>\n<p>(Quelle: <a href=\"http:\/\/vorstand.piratenpartei.de\/2012\/09\/20\/stellungnahme-des-bundesvorstands-zur-buchveroffentlichung-klick-mich\/comment-page-1\/#comment-22190\">Kommentar #21 zur Stellungsnahme des Parteivorstands<\/a>; Hervorhebung von mir)<\/p>\n<p>Das Fazit habe ich mal hervorgehoben. Was jener &#8222;Kommentator&#8220; aber scheinbar nicht ber\u00fccksichtigt ist folgende S\u00e4tze, die eigentlich recht bald \u00fcber seinem Fazit zu lesen sind:<br \/>\n<strong>&#8222;Wer Tauschb\u00f6rsen verbieten will, will das Internet verbieten. Ich werde diese Meinung vertreten, selbst wenn ich daf\u00fcr nie wieder einen Vertrag bekomme.&#8220;<\/strong><br \/>\nAuch den Rest der \u00c4u\u00dferungen von Frau Schramm l\u00e4sst er lieber unter den Tisch fallen:<\/p>\n<blockquote><p><span style=\"color: #ff00ff;\">Frage: Wie bist du politisch eingestellt?<br \/>\n2012-04-28 15:44:58<br \/>\nJulia: H\u00f6h\u00f6. Piratig. Ich bin kein Fan von dieser Einordnung. Ich glaube an eine freie und solidarische Gemeinschaft. ??? Wir sollten uns daf\u00fcr einsetzen, dass sich Menschen maximal frei entfalten k\u00f6nnen. ???? FReiheit und Solidarit\u00e4t. ???<br \/>\n2012-04-28 15:45:35<br \/>\nApplaus.<br \/>\n2012-04-28 15:45:36<br \/>\nFrage: Wirst du deine eigene Meinung oder ausschlie\u00dflich &#8222;Parteimeinung&#8220; in der &#8222;Presse&#8220; vertreten (Datenschutz)?<br \/>\n2012-04-28 15:45:58<br \/>\nJulia: Ich werde Piratenmeinung vertreten. ???? Ich habe gemerkt, ich habe mich kritisch damit auseinandergesetzt, ???? Das war eher eine philosophische Debatte, besch\u00e4ftige mich eher akademisch mit dem Thema Privatsph\u00e4re. ???? Und wenn die Piratenpartei sagt, das ist das Instrument, und das soll ich vertreten, dann tue ich das uneingeschr\u00e4nkt.<br \/>\n2012-04-28 15:46:43<br \/>\nFrage: Ist es von den Medien zutreffend wiedergegeben, dass du deinen Buchvertrag vor allem deswegen geschlossen hast, um als BuVo-Mitglied zeitlich und finanziell unabh\u00e4ngig zu sein?<br \/>\n2012-04-28 15:47:25<br \/>\nJulia: Als ich den Buchvertrag abgeschlossen habe, habe ich damit nicht gro\u00df geplant. ???? Ich habe dann gehmerkt, ich bin jetzt finanziell unabh\u00e4ngig und kann die Arbeit machen. Das steht nicht direkt im Zusammenhang. Das buch war zu 2\/3 Fertig ?????<\/span><\/p><\/blockquote>\n<p>(Quelle: <a href=\"http:\/\/wiki.piratenpartei.de\/Bundesparteitag_2012.1\/Protokoll\">PiratenWiki &#8211; Bundesparteitag 2012.1\/Protokoll<\/a>)<\/p>\n<p>Bei diesem Parteitag hat sie sich auch zu den Zielen der Piratenpartei bekannt und ausgesagt, dass sie diese vertreten will.<br \/>\nTrotzdem sind auf einer extra eingerichteten Seite Mails, Twitter-Nachrichten etc. mit pers\u00f6nlichen Daten der Absender \u00f6ffentlich eingestellt worden. Zumindest die Mails k\u00f6nnen nur mit direkter Einwilligung, bzw. Zugriffsgew\u00e4hrung von Frau Schramm ver\u00f6ffentlicht worden sein.<br \/>\nUm dies zu bewerten, mal ein kleiner Blick in die Programmziele der Piratenpartei:<\/p>\n<blockquote><p><font color=\"#ff00ff\">Privatsph\u00e4re und Datenschutz<\/p>\n<p>Der Schutz der Privatsph\u00e4re und der Datenschutz gew\u00e4hrleisten W\u00fcrde und Freiheit des Menschen. Die moderne freiheitlich-demokratische Gesellschaftsform wurde in der Vergangenheit auch unter Einsatz zahlloser Menschenleben erk\u00e4mpft und verteidigt.<br \/>\n[&#8230;]<br \/>\nInformationelle Selbstbestimmung<br \/>\nDas Recht des Einzelnen, die Nutzung seiner pers\u00f6nlichen Daten zu kontrollieren, muss gest\u00e4rkt werden.<\/font><\/p><\/blockquote>\n<p>(Quelle und mehr zum Thema: <a href=\"https:\/\/www.piratenpartei.de\/politik\/selbstbestimmtes-leben\/privatsphaere-und-datenschutz\/\">Piratenpartei &#8211; Themen und Ziele: &#8222;Privatsph\u00e4re und Datenschutz&#8220;<\/a>)<\/p>\n<p>Dann kommt auch noch dazu, das man scheinbar das Internet bereinigen will, so dass der Vorgang nicht noch peinlicher wird. Ebenso wie man sich die Dinge herauspickt, die man dann neu interpretiert, werden andere Aussagen scheinbar schnell entfernt. So war bis vor kurzen noch recht interessante \u00c4u\u00dferungen von Julia Schramm auf YouTube zu sehen, die so garnicht zu den Erl\u00e4uterungen von ihr und dem bundesvorstand passen. Will man sich diese \u00c4u\u00dferungen jetzt ansehen und anh\u00f6ren so bekommt man dieses sch\u00f6ne Bild zu sehen:<br \/>\n<a href=\"http:\/\/gehirnsturm.info\/wp-content\/uploads\/2012\/09\/Inteview-Schramm.png\"><img decoding=\"async\" loading=\"lazy\" src=\"http:\/\/gehirnsturm.info\/wp-content\/uploads\/2012\/09\/Inteview-Schramm.png\" alt=\"\" title=\"Inteview-Schramm\" width=\"400\" height=\"323\" class=\"aligncenter size-full wp-image-4654\" srcset=\"http:\/\/gehirnsturm.info\/wp-content\/uploads\/2012\/09\/Inteview-Schramm.png 400w, http:\/\/gehirnsturm.info\/wp-content\/uploads\/2012\/09\/Inteview-Schramm-300x242.png 300w\" sizes=\"(max-width: 400px) 100vw, 400px\" \/><\/a><\/p>\n<p><strong>Oh, du sch\u00f6ne heile transparente Piratenwelt!<\/strong><\/p>\n<p>Um mich nicht falsch zu verstehen, Julia Schramm hat alles recht selbst zu entscheiden, ob solch ein Interview mit Ihr online ist oder nicht. Nur sollte solch eine Entscheidung auch mit Ihren Aussagen und Position \u00fcbereinstimmen. Das sehe ich hier nicht. Sie ist im Bundesvorstand der Piraten und hat sich nach eigenen Aussagen zu den zielen der Partei bekannt und will diese Vertreten. Dazu geh\u00f6rt auch die Transparenz der Funktion\u00e4re der Partei. Dies ist z.B. ein Grund, warum ich weder dieser Partei angeh\u00f6ren will, noch das ich dort je ein Amt \u00fcbernehmen w\u00fcrde. Weil ich hier einen Widerspruch zwischen den verschiedenen Anspr\u00fcchen der Parteiziele sehe. Aber ich habe mich auch nie zu den Zielen der Piraten bekannt und erst recht habe ich nie erkl\u00e4rt, diese zu vertreten. Im Gegensatz zu Frau Schramm.<\/p>\n<p><a href=\"http:\/\/www.stefan-niggemeier.de\/blog\/ekelhaft\/\">Stefan Niggemeier schie\u00dft sich in seiner Verteidigung von Frau Schramm so auf die beiden Begriffe &#8222;Urheberrecht&#8220; und &#8222;geistiges Eigentum&#8220; ein, dass er dabei den Blick auf das Ganze, n\u00e4mlich der Aussagen von Frau Schramm einfach ignoriert.<\/a> Als ich diesen Beitrag gelesen habe, kam es mir schon fast so vor, dass julia Schramm nur deswegen gut sein muss, weil Stefan Niggemeier der Bild einen Fehler\/L\u00fcge\/T\u00e4uschung nachweisen konnte. Da aber noch nicht mal Frau Schramm vor diesem &#8222;Fehler\/L\u00fcge\/T\u00e4uschung&#8220; diese Unterscheidung machte, wie man in den verschiedensten \u00c4u\u00dferungen au\u00dferhalb des Podcastes &#8222;Wir. M\u00fcssen Reden&#8220;, auf den sich Stefan Niggemeier mit Scheuklappen Fokussiert entnehmen kann. An den verschiedensten Stellen hat sie nicht nur &#8222;geistiges Eigentum&#8220; als &#8222;ekelhaft&#8220; bezeichnet, sondern auch gegen das Urheberrecht gewettert.<\/p>\n<p>Julia Schramm hat die Urheberschaft von &#8222;geistigen Eigentum&#8220; als ein beziehen aus dem Wissen aller anderen bezeichnet. Nach Ihrem Verst\u00e4ndnis (jedenfalls wie sie es vor Ihrer Buchver\u00f6ffentlichung ge\u00e4u\u00dfert hat) ist das Buch von Ihr nicht Ihr Werk, sondern eben das Ergebnis einer Zusammenfassung des gesamten Wissens aller. Somit ist es um so verwunderlicher, dass sie pl\u00f6tzlich wegen dem illegalen Download von &#8222;mein Buch&#8220; spricht und die Aktion vom Verlag guthei\u00dft.<\/p>\n<p>Was noch ein spannender Aspekt sein k\u00f6nnte, ist die Frage nach der Sch\u00f6pfungsh\u00f6he. Ob diese bei diesem Werk wirklich gegeben ist, das der gesetzliche Schutz greift (ich wei\u00df, nur einen recht plumpe zynische Zwischenbemerkung).<\/p>\n<p>Aber den Aspekt, den ich hier noch weiter verfolgen will, ist Ihre Aussage, das sie:<\/p>\n<blockquote><p><font color=\"#ff00ff\">Ich habe bisher stark darauf geachtet, dass man die Sachen trennt. <\/font><\/p><\/blockquote>\n<p>(Quelle: <a href=\"http:\/\/wiki.piratenpartei.de\/Bundesparteitag_2012.1\/Protokoll\">PiratenWiki &#8211; Bundesparteitag 2012.1\/Protokoll<\/a>)<\/p>\n<p>Nun, hier ist wohl das Zauberwort &#8222;bisher&#8220; (nur damit Herr Niggemeier nicht \u00fcber mich herf\u00e4llt). Weil nach heutigem Stand ist dies nicht mehr gegeben. Geht man auf die Homepage von Frau Schramm so findet man auf der Startseite neben den Men\u00fcs Blog, Pers\u00f6nliches und Feed auch die Men\u00fcpunkte &#8222;Piraten&#8220; und &#8222;Buch&#8220; dort. Das Der Men\u00fcpunkt &#8222;Piraten&#8220; auf einen Bereich Ihrer Seite mit &#8222;piratigen&#8220; f\u00fchrt, kann man noch nachvollziehen, dass aber, wo sie schon in Ihrem Blog ausf\u00fchrlich \u00fcber Ihr Buch schwadroniert mit dem Men\u00fcpunkt &#8222;Buch&#8220; direkt zum Verlag auf die Werbeseite f\u00fcr das Buch verlinkt, zeugt nicht gerade von einer &#8222;Trennung&#8220;, wie behauptet. Aber selbst dies k\u00f6nnte man noch hinnehmen, da ich sowieso nicht wei\u00df wie man sein Leben trennen kann, wie sie es beim Bundesparteitag behauptet hatte. Aber das dies zumindest heute nicht mehr stimmt zeigt schon die Verlagsseite. Geht man unten auf den Reiter &#8222;Termine&#8220;, so findet man dort nicht nur die Termine, die die Lesung betreffen sondern auch ganz klar Termine die die Piraten udn Ihre Funktion als Mitglied des Bundesvorstandes betreffen:<br \/>\n<a href=\"http:\/\/gehirnsturm.info\/wp-content\/uploads\/2012\/09\/Termin-Schramm.png\"><img decoding=\"async\" loading=\"lazy\" src=\"http:\/\/gehirnsturm.info\/wp-content\/uploads\/2012\/09\/Termin-Schramm.png\" alt=\"\" title=\"Termin-Schramm\" width=\"642\" height=\"208\" class=\"aligncenter size-full wp-image-4656\" srcset=\"http:\/\/gehirnsturm.info\/wp-content\/uploads\/2012\/09\/Termin-Schramm.png 642w, http:\/\/gehirnsturm.info\/wp-content\/uploads\/2012\/09\/Termin-Schramm-300x97.png 300w\" sizes=\"(max-width: 642px) 100vw, 642px\" \/><\/a><\/p>\n<p>Sie ist dort nicht als &#8222;Buchautorin&#8220;, sondern eindeutig als &#8222;Mitglied im Bundesvorstand Piratenpartei&#8220; eingeladen. <\/p>\n<p><a href=\"http:\/\/gehirnsturm.info\/wp-content\/uploads\/2012\/09\/Medientage.png\"><img decoding=\"async\" loading=\"lazy\" src=\"http:\/\/gehirnsturm.info\/wp-content\/uploads\/2012\/09\/Medientage.png\" alt=\"\" title=\"Medientage\" width=\"292\" height=\"214\" class=\"aligncenter size-full wp-image-4658\" \/><\/a><\/p>\n<p>Das sieht mir nicht sehr stark nach strikter Trennung aus und scheinbar toleriert die Piratenpartei diese Verkn\u00fcpfung von privatem Interesse und Vorteilen mit der politischen Arbeit.<br \/>\nIn wie weit Julia Schramm noch gegen die Grunds\u00e4tze der Piraten handelt wei\u00df ich nicht. Es ist mir auch zu M\u00fchsamm noch weiter \u00fcber diese Frau zu recherchieren. Was ich bisher schon alles erfahren habe, das passt nicht in einen Blog.<br \/>\nMeine pers\u00f6nliche Meinung ist, dass sie eine gro\u00dfe Heuchlerin ist und es Ihr schei\u00dfegal ist, wen sie f\u00fcr Ihren pers\u00f6nlichen Vorteil sch\u00e4digt.<\/p>\n<p>Zum Schluss noch den Aspekt der Verschw\u00f6rungstheorie.<br \/>\nNeben <a href=\"http:\/\/blog.fefe.de\/\">&#8222;fefe&#8220;<\/a>, dem alten Verschw\u00f6rungstheoretiker \ud83d\ude09 hat, nachdem &#8222;Don Alphonso&#8220; auf seinem Blog bei FAZ-Community die Verschw\u00f6rungstheorie <a href=\"http:\/\/faz-community.faz.net\/blogs\/deus\/archive\/2012\/09\/19\/julia-schramm-ein-buchdebakel-als-sieg-fuer-bertelsmann.aspx\">&#8222;Julia Schramm: Ein Buchdebakel als Sieg f\u00fcr Bertelsmann&#8220;<\/a> formuliert hatte auch aufgenommen und <a href=\"http:\/\/blog.fefe.de\/?ts=aea722a5\">musste diese direkt mit einem Update garnieren.<\/a><br \/>\nNun, ob nun  wirklich die &#8222;Bl\u00f6d&#8220; die Datei auf Dropbox hoch geladen hat, um dann eine diese Story zu haben oder ob dies ein gelungener Coup von Bertelsmann war, sei mal als m\u00f6gliche Theorie dahin gestellt sein. So gerne ich zwischendurch mal fefe&#8217;s Hinweise auf Verschw\u00f6rungstheorien lese, so ist gerade hier das Problem, bzw. die Begebenheit, dass f\u00fcr diese Theorien es einen Mitspieler ben\u00f6tigt. N\u00e4mlich Julia Schramm. Auf der einen Seite brauchte sie nicht erkl\u00e4ren, dass sie keinen Widerspruch darin sieht wenn der Verlag gegen den Download auf einer Homepage vorgeht (siehe: <a href=\"http:\/\/www.sueddeutsche.de\/digital\/promi-piratin-schramm-und-das-urheberrecht-jetzt-krakeelt-wieder-der-mob-1.1470935\">S\u00fcddeutsche Zeitung \u2013 \u201cJetzt krakeelt wieder der Mob\u201d<\/a>). Noch brauchte sie auf der anderen Seite einen Vertrag mit diesem Verlag und\/oder zu solchen Bedingungen unterschreiben.<br \/>\nGerade, das dies ein Plan von Bertelsmann sein sollte, halte ich eher f\u00fcr fraglich. Das sie sich durch den voraussehbaren Skandal einen entsprechenden Kaufhype erwartet haben, schon eher. Mal ehrlich, selbst wenn man 100.000 Euro (das ist ja die Summe, die herumschwirrt) wenig sind, um einen Feind zu vernichten, so ist doch eher die Frage, ob die Piraten ein ernst zu nehmender Feind sind. Ich glaube, das sie bei weitem nicht so ernst f\u00fcr die Verwerter zu nehmen sind, wie die Gr\u00fcnen f\u00fcr die Atommafia. und wir haben es ja gesehen, was die Gr\u00fcnen bewirkt haben, von wegen Atomausstieg. Und ohne Fukushima w\u00fcrden wir heute weiter auf dem Stand vor dem Gr\u00fcnenausstieg sein. Und nun, ein gutes Jahr sp\u00e4ter ist auch der Ausstieg aus dem Austieg-Ausstieg schon wieder fraglich. Und hier geht es &#8222;nur&#8220; um eine nationale Begebenheit (nicht von den Firmen her, sondern dem Einfluss), w\u00e4hrend die Urheberrechte und die Verwertungsmafia auf einer internationalen Interessenebene zu suchen sind. Als ob Deutschland nicht ganz schnell isoliert w\u00e4re, wenn es wirklich so weit k\u00e4me, dass durch entsprechende Gesetze die Interessen der Verwerter eingeschr\u00e4nkt wird. Einzig, dass nun gerade ein schiefes Bild \u00fcber Autoren durch diese im Netz kursierende Summe (und die 60.000 von Bettina Wulff) k\u00f6nnten ein mieser Plan sein. Ich kenne einige, auch sehr (und nicht nur Regional) bekannte Autoren (z.B. aus K\u00f6ln und Bonn), die trotz ihrer Bekanntheit nur von solchen Summen tr\u00e4umen k\u00f6nnen. Einzig die H\u00f6he ihrer Anteile pro verkauften Buch ist mit der Bekanntheit gestiegen. Die Vorsch\u00fcsse f\u00fcr ein Buch dagegen nicht in dem Ma\u00dfe, wie der Bekanntheitsgrad gestiegen ist (zu behaupten, das diese nicht gestiegen sind, w\u00e4re gelogen. Aber diese Autoren sind Garanten f\u00fcr einen gewissen Buchverkauf, also keine Risiko-Investitionen). <\/p>\n<p>Nun aber Schluss, bevor ich vom H\u00f6lzchen zum St\u00f6ckchen komme. Und es steht ja auch noch der 2. Teil zum Thema &#8222;Bettina Wulff&#8220; aus.<\/p>\n<p><b><u>Links:<\/u><\/b><\/p>\n<ul>\n<li>Piretenpartei Bundesvorstand: <a href=\"http:\/\/vorstand.piratenpartei.de\/2012\/09\/20\/stellungnahme-des-bundesvorstands-zur-buchveroffentlichung-klick-mich\/\">Stellungnahme des Bundesvorstands zur Buchver\u00f6ffentlichung \u201cKlick mich\u201d<\/a><\/li>\n<li>Piratenpartei Wiki: <a href=\"http:\/\/wiki.piratenpartei.de\/Bundesparteitag_2012.1\/Protokoll\">PiratenWiki \u2013 Bundesparteitag 2012.1\/Protokoll<\/a><\/li>\n<li>Piratenpartei: <a href=\"https:\/\/www.piratenpartei.de\/politik\/selbstbestimmtes-leben\/privatsphaere-und-datenschutz\/\">Themen und Ziele: \u201cPrivatsph\u00e4re und Datenschutz\u201d<\/a><\/li>\n<li>Stefan Niggemeier: <a href=\"http:\/\/www.stefan-niggemeier.de\/blog\/ekelhaft\/\">Ekelhaft<\/a><\/li>\n<li>Don Alphonso: <a href=\"http:\/\/faz-community.faz.net\/blogs\/deus\/archive\/2012\/09\/19\/julia-schramm-ein-buchdebakel-als-sieg-fuer-bertelsmann.aspx\">faz-community &#8211; Julia Schramm: Ein Buchdebakel als Sieg f\u00fcr Bertelsmann<\/a><\/li>\n<li>fefe: <a href=\"http:\/\/blog.fefe.de\/?ts=aea722a5\">Ohne Titel (Wed Sep 19 2012; \u00fcber die Verschw\u00f6rungstheorie zu Julia Schramm)<\/a><\/li>\n<li>S\u00fcddeutsche zeitung: <a href=\"http:\/\/www.sueddeutsche.de\/digital\/promi-piratin-schramm-und-das-urheberrecht-jetzt-krakeelt-wieder-der-mob-1.1470935\">&#8222;Jetzt krakeelt wieder der Mob&#8220;<\/a><\/li>\n<li>Gehirnsturm: <a href=\"http:\/\/gehirnsturm.info\/?p=4592\">Ich will \u201cMob\u201d sein!<\/a><\/li>\n<li>Gehirnsturm: <a href=\"http:\/\/gehirnsturm.info\/?p=4669\">Legal? Illegal? \u2026 Schei\u00dfegal? -Teil 1- Julia Schramm [Nachtrag]<\/a><\/li>\n<li>Gehirnsturm: <a href=\"http:\/\/gehirnsturm.info\/?p=4659\">Legal? Illegal? \u2026 Schei\u00dfegal? -Teil 2- Bettina Wulff<\/a><\/li>\n<\/ul>\n","protected":false},"excerpt":{"rendered":"<p>Eigentlich wollte ich urspr\u00fcnglich diesem Artikel den Titel &#8222;Julia Schamm und Bettina Wulff | Legal, illegal &#8230; schei\u00dfegal?&#8220; geben. Der ist in der urspr\u00fcnglichen Einleitung zu lesen: Die Ereignisse der beiden passen gerade gut zusammen. Auf der einen Seite eine &hellip; <a href=\"http:\/\/gehirnsturm.info\/?p=4620\">Weiterlesen <span class=\"meta-nav\">&rarr;<\/span><\/a><\/p>\n","protected":false},"author":2,"featured_media":0,"comment_status":"open","ping_status":"open","sticky":false,"template":"","format":"standard","meta":[],"categories":[4,10,11,12,766,13,14],"tags":[1120,1039,174,1131,1123,1130,429,430,481,1028,885],"_links":{"self":[{"href":"http:\/\/gehirnsturm.info\/index.php?rest_route=\/wp\/v2\/posts\/4620"}],"collection":[{"href":"http:\/\/gehirnsturm.info\/index.php?rest_route=\/wp\/v2\/posts"}],"about":[{"href":"http:\/\/gehirnsturm.info\/index.php?rest_route=\/wp\/v2\/types\/post"}],"author":[{"embeddable":true,"href":"http:\/\/gehirnsturm.info\/index.php?rest_route=\/wp\/v2\/users\/2"}],"replies":[{"embeddable":true,"href":"http:\/\/gehirnsturm.info\/index.php?rest_route=%2Fwp%2Fv2%2Fcomments&post=4620"}],"version-history":[{"count":25,"href":"http:\/\/gehirnsturm.info\/index.php?rest_route=\/wp\/v2\/posts\/4620\/revisions"}],"predecessor-version":[{"id":4738,"href":"http:\/\/gehirnsturm.info\/index.php?rest_route=\/wp\/v2\/posts\/4620\/revisions\/4738"}],"wp:attachment":[{"href":"http:\/\/gehirnsturm.info\/index.php?rest_route=%2Fwp%2Fv2%2Fmedia&parent=4620"}],"wp:term":[{"taxonomy":"category","embeddable":true,"href":"http:\/\/gehirnsturm.info\/index.php?rest_route=%2Fwp%2Fv2%2Fcategories&post=4620"},{"taxonomy":"post_tag","embeddable":true,"href":"http:\/\/gehirnsturm.info\/index.php?rest_route=%2Fwp%2Fv2%2Ftags&post=4620"}],"curies":[{"name":"wp","href":"https:\/\/api.w.org\/{rel}","templated":true}]}}