{"id":5387,"date":"2013-08-22T10:13:45","date_gmt":"2013-08-22T08:13:45","guid":{"rendered":"http:\/\/gehirnsturm.info\/?p=5387"},"modified":"2013-08-22T10:13:45","modified_gmt":"2013-08-22T08:13:45","slug":"update-udo-vetter-neuerdings-ein-rechteszene-anwalt-oder-doch-nur-eine-rampensau","status":"publish","type":"post","link":"http:\/\/gehirnsturm.info\/?p=5387","title":{"rendered":"[Update] Udo Vetter \u2013 Neuerdings ein Rechteszene-Anwalt oder doch nur eine \u201cRampensau\u201d?"},"content":{"rendered":"<p>Udo Vetter ist ein Anwalt, der mit seinem &#8222;Lawblog&#8220; bekannt geworden ist.<br \/>\nDas bringt nat\u00fcrlich dann auch Mandanten, also nicht unbedingt eine rein selbstlose Webseite. Auch wenn dies vielleicht nicht der vordergr\u00fcndige Anlass zu diesem Blog ist.<br \/>\nDann entschloss er sich eine Kooperation mit der Versicherung ARAG einzugehen. Diese sollten Gastbeitr\u00e4ge in seinem Blog ver\u00f6ffentlichen und er schreibt Kolumnen auf der Webseite der Versicherung. So weit hat sich also der Lawblog von einem reinen Blog zu einem Kommerziellen Webseite ver\u00e4ndert.<br \/>\nDas nach dem &#8222;peinlichen Gastbeitrag&#8220; der ARAG (<a href=\"http:\/\/gehirnsturm.info\/?p=4643\">Erster &#8222;Gastbeitrag&#8220; auf der Seite von Udo Vetter vom &#8222;Kooperationspartner&#8220; ARAG<\/a>) die Kooperation eher einseitig verlief, ist nachvollziehbar. Die Kooperation mit der ARAG auf dem Lawblog beschr\u00e4nkt sich seit dem auf Artikel von Udo Vetter, in dem er auf seine Berichte auf der ARAG-Webseite verweist (und bewirbt).<br \/>\nDas ist alles eher am\u00fcsant, ebenso das er sich nun politisch bei den Piraten bet\u00e4tigt. Interessant wurde es, als Udo Vetter sich pl\u00f6tzlich f\u00fcr die Rechte von gewaltbereiten Menschen der rechten Szene zuwendet und mehrere Mandate \u00fcbernimmt. So z.B. die Strafverteidigung f\u00fcr ein Mitglied des &#8222;Aktionsb\u00fcro Mittelrhein&#8220;. Ich kenne einige Anw\u00e4lte, die bei Strafprozessen Mandanten verteidigen, die sie privat eher meiden. Das ist mit dem Grundsatz des Rechtes auf bestm\u00f6gliche Verteidigung zu erkl\u00e4ren und das diese Anw\u00e4lte dieses Recht ernst nehmen oder manchmal einfach nur, weil sie sich das gut bezahlen lassen. So k\u00f6nnte man dies auch in diesem Fall so sehen, wenn da nicht pl\u00f6tzlich eine Anwaltsflut f\u00fcr die Mandanten vor Gericht erscheinen. Auf 26 Angeklagte kommen 52 Anw\u00e4lte. \u00dcber dieses Thema bin ich auf dem ersten Artikel zu diesem &#8222;Update&#8220; bereits eingegangen: &#8222;<a href=\"http:\/\/gehirnsturm.info\/?p=4865\">Udo Vetter \u2013 Neuerdings ein Rechteszene-Anwalt oder doch nur eine \u201cRampensau\u201d*?<\/a>&#8222;.<\/p>\n<p>Dann \u00fcbernahm Udo Vetter noch die Beschwerde gegen das Verbot der rechten Gruppierung\/Verein &#8222;Besseres Hannover&#8220;. Hier handelt es sich weder um eine Strafsache, die u. U. ein sofortiges Handeln im Sinne des Rechtsanspruchs auf Verteidigung erfordert, sondern um Zivilrecht, ohne Dringlichkeitsbedarf. und Udo Vetter stellte sich damit auf Seiten des Kl\u00e4gers. Auch dies habe ich in dem oben erw\u00e4hnten Artikel zu diesem &#8222;Update&#8220; bereits besprochen.<br \/>\nAus diesem Artikel ist ein &#8222;Update&#8220;, eher speziell zu dem Thema &#8222;Besseres Hannover&#8220; hervorgegangen (<a href=\"http:\/\/gehirnsturm.info\/?p=4889\">&#8222;[Update] \u201cBesseres Hannover\u201d und die Beh\u00f6rden&#8220;<\/a>). In diesem Artikel bin ich vor allem auf die Einsch\u00e4tzung der Beh\u00f6rden \u00fcber die rechte Szene (speziell &#8222;Besseres Hannover&#8220;) in Hannover eingegangen. Dort habe ich dann sozusagen als Zirkelschluss nochmals meine provokative Frage \u00fcber Udo Vetter eingestellt:<\/p>\n<blockquote><p><font color=\"#ff00ff\">&#8230;, ob Udo Vetter sich nun als \u201crechter Szeneanwalt\u201d etablieren m\u00f6chte oder einfach nur Opportunist, eine Rampensau oder Geldgierig ist?<\/font><\/p><\/blockquote>\n<p>Nach dieser etwas l\u00e4ngeren Einleitung nun das &#8222;UPDATE&#8220;.<br \/>\nEin Freund von mir war so freundlich und hat mich auf einen Bericht in der &#8222;Hannoversche Allgemeine Zeitung&#8220; (kurz: HAZ) aufmerksam gemacht. Dort wurde ein Artikel (am 15.08.2013) mit dem Titel &#8222;<a href=\"http:\/\/www.haz.de\/Hannover\/Aus-der-Stadt\/Uebersicht\/Anklage-gegen-Besseres-Hannover\">Anklage gegen \u201eBesseres Hannover\u201c<\/a>&#8220; ver\u00f6ffentlicht. Es geht hier vor allem um die &#8222;Strafsache&#8220; gegen Mitglieder des Vereins &#8222;Besseres Hannover&#8220; mit dem Vorwurf der Bildung einer kriminellen Vereinigung. Es ist durchaus lesenswert. Aber f\u00fcr meine Artikel ist der Absatz \u00fcber das Verbotsverfahren des Vereins &#8222;Besseres Hannover&#8220; von Interesse:<\/p>\n<blockquote><p><font color=\"#ff00ff\">Als unmittelbar nach dem Verbot ein ehemaliges Mitglied der Gruppierung einen Spendenaufruf im Internet ver\u00f6ffentlichte, um Gelder f\u00fcr die Klage gegen das Vereinsverbot zu sammeln, schritten die Ermittler ebenfalls ein. Sie froren das Spendenkonto umgehend ein, sodass bis heute keine Gelder darauf verbucht beziehungsweise davon abgehoben werden k\u00f6nnen. Der renommierte D\u00fcsseldorfer Rechtsanwalt Udo Vetter, der mit der Klage gegen das Vereinsverbot beauftragt worden war, stellte daraufhin seine Arbeit ein und nahm die Klage zur\u00fcck.<\/font><\/p><\/blockquote>\n<p>(Quelle: <a href=\"http:\/\/www.haz.de\/Hannover\/Aus-der-Stadt\/Uebersicht\/Anklage-gegen-Besseres-Hannover\">HAZ &#8211; Anklage gegen \u201eBesseres Hannover\u201c<\/a>)<\/p>\n<p>Nun, da lt. diesem Artikel noch eine 2. Klage gegen die Verbotsverf\u00fcgung ansteht, die scheinbar nicht durch Udo Vetter vertreten wird, scheint es auf meine &#8222;provokante Frage&#8220; zumindest in dem Fall um das Verbot der Gruppierung &#8222;Besseres Hannover&#8220; eine Antwort zu geben. Wenn Udo Vetter seine Mandantschaft abgibt, nachdem er nicht bezahlt werden kann, dann ist wohl weniger eine politische Gesinnung, noch die \u00d6ffentlichkeitswirkung (= Rampensau) oder wom\u00f6glich ein allumgreifender Gerechtigkeitssinn ein Grund f\u00fcr seine Engagement, sondern scheinbar schlicht und einfach nur die &#8222;Geldgier&#8220;.<\/p>\n<p><b><u>Links:<\/u><\/b><\/p>\n<ul>\n<li>Hannoversche Allgemeine Zeitung: <a href=\"http:\/\/www.haz.de\/Hannover\/Aus-der-Stadt\/Uebersicht\/Anklage-gegen-Besseres-Hannover\">Anklage gegen \u201eBesseres Hannover\u201c<\/a>\n<li>Hannoversche Allgemeine Zeitung: <a href=\"http:\/\/www.haz.de\/Hannover\/Aus-der-Stadt\/Uebersicht\/Besseres-Hannover-klagt-gegen-Verbot\">\u201eBesseres Hannover\u201c klagt gegen Verbot<\/a><\/li>\n<li>Rhein-Zeitung: <a href=\"http:\/\/www.rhein-zeitung.de\/regionales_artikel,-Live-Eindruecke-Prozess-gegen-Neonazi-Groessen-vom-Aktionsbuero-Mittelrhein-_arid,471736.html\">Live-Eindr\u00fccke: Gereizte Stimmung im Prozess gegen Neonazi-Szene vom &#8222;Braunen Haus&#8220;<\/a><\/li>\n<li>Spiegel Online: <a href=\"http:\/\/www.spiegel.de\/panorama\/justiz\/prozess-gegen-aktionsbuero-mittelrhein-mammutverfahren-in-koblenz-a-854112.html\">Zwei Ankl\u00e4ger, 52 Verteidiger<\/a><\/li>\n<li>NDR: <a href=\"http:\/\/www.ndr.de\/regional\/dossiers\/der_norden_schaut_hin\/rechtsextremisten145.html\">&#8222;Besseres Hannover&#8220; klagt gegen Verbot<\/a><\/li>\n<li>Gehirnsturm: <a href=\"http:\/\/gehirnsturm.info\/?p=4865\">Udo Vetter \u2013 Neuerdings ein Rechteszene-Anwalt oder doch nur eine \u201cRampensau\u201d*?<\/a><\/li>\n<li>Gehirnsturm: <a href=\"http:\/\/gehirnsturm.info\/?p=4889\">[Update] \u201cBesseres Hannover\u201d und die Beh\u00f6rden<\/a><\/li>\n<li>Gehirnsturm: <a href=\"http:\/\/gehirnsturm.info\/?p=4643\">Erster &#8222;Gastbeitrag&#8220; auf der Seite von Udo Vetter vom &#8222;Kooperationspartner&#8220; ARAG<\/a><\/li>\n<\/ul>\n","protected":false},"excerpt":{"rendered":"<p>Udo Vetter ist ein Anwalt, der mit seinem &#8222;Lawblog&#8220; bekannt geworden ist. Das bringt nat\u00fcrlich dann auch Mandanten, also nicht unbedingt eine rein selbstlose Webseite. Auch wenn dies vielleicht nicht der vordergr\u00fcndige Anlass zu diesem Blog ist. Dann entschloss er &hellip; <a href=\"http:\/\/gehirnsturm.info\/?p=5387\">Weiterlesen <span class=\"meta-nav\">&rarr;<\/span><\/a><\/p>\n","protected":false},"author":2,"featured_media":0,"comment_status":"open","ping_status":"open","sticky":false,"template":"","format":"standard","meta":[],"categories":[10,12,13,14],"tags":[1184,66,1183,400,525,1124,574,1185],"_links":{"self":[{"href":"http:\/\/gehirnsturm.info\/index.php?rest_route=\/wp\/v2\/posts\/5387"}],"collection":[{"href":"http:\/\/gehirnsturm.info\/index.php?rest_route=\/wp\/v2\/posts"}],"about":[{"href":"http:\/\/gehirnsturm.info\/index.php?rest_route=\/wp\/v2\/types\/post"}],"author":[{"embeddable":true,"href":"http:\/\/gehirnsturm.info\/index.php?rest_route=\/wp\/v2\/users\/2"}],"replies":[{"embeddable":true,"href":"http:\/\/gehirnsturm.info\/index.php?rest_route=%2Fwp%2Fv2%2Fcomments&post=5387"}],"version-history":[{"count":4,"href":"http:\/\/gehirnsturm.info\/index.php?rest_route=\/wp\/v2\/posts\/5387\/revisions"}],"predecessor-version":[{"id":5399,"href":"http:\/\/gehirnsturm.info\/index.php?rest_route=\/wp\/v2\/posts\/5387\/revisions\/5399"}],"wp:attachment":[{"href":"http:\/\/gehirnsturm.info\/index.php?rest_route=%2Fwp%2Fv2%2Fmedia&parent=5387"}],"wp:term":[{"taxonomy":"category","embeddable":true,"href":"http:\/\/gehirnsturm.info\/index.php?rest_route=%2Fwp%2Fv2%2Fcategories&post=5387"},{"taxonomy":"post_tag","embeddable":true,"href":"http:\/\/gehirnsturm.info\/index.php?rest_route=%2Fwp%2Fv2%2Ftags&post=5387"}],"curies":[{"name":"wp","href":"https:\/\/api.w.org\/{rel}","templated":true}]}}