{"id":5551,"date":"2013-12-07T10:03:25","date_gmt":"2013-12-07T09:03:25","guid":{"rendered":"http:\/\/gehirnsturm.info\/?p=5551"},"modified":"2013-12-07T10:03:25","modified_gmt":"2013-12-07T09:03:25","slug":"nelson-mandela-ist-gestorben-2","status":"publish","type":"post","link":"http:\/\/gehirnsturm.info\/?p=5551","title":{"rendered":"Nelson Mandela ist gestorben"},"content":{"rendered":"<p>Ich w\u00fcnsche Nelson Mandela, das er nach seiner Pr\u00e4sidentschaft in S\u00fcdafrika wie gew\u00fcnscht das Leben genie\u00dfen konnte.<br \/>\nDas der Genuss des Lebens nicht frei von einem politischen Leben sein muss, das hat er seit 1999 eindrucksvoll bewiesen.<\/p>\n<p>Was soll ich noch mehr schreiben, da sich nun die Gazetten und TV-Sender um eine Darstellung der Biografie von Nelson Mandela rei\u00dfen.<br \/>\nAber vielleicht, wie ich indirekt auch durch Nelson Mandela in fr\u00fcher Jugend beeinflusst wurde:<\/p>\n<p>Ich erinnere mich noch, als bei uns die Apartheid, die Gr\u00e4ueltaten in S\u00fcdafrika in der Gesellschaft kein Thema waren.<br \/>\nZu diesem Zeitpunkt -ich noch keine 15- war ich auf einem Konzert. Als Jugendlicher vom Lande (in der N\u00e4he von K\u00f6ln) auf einem gro\u00dfen Konzert. Ein Gast war Harry Belafonte. Dieser sprach pl\u00f6tzlich zwischen seinen Liedern von der Ungerechtigkeit in der Welt und erz\u00e4hlte von dem Menschenrechtler Nelson Mandela und das dieser seit \u00fcber 10 Jahren in Haft sei. Er erz\u00e4hlte von dem Rassismus in seiner Heimat USA. Statt zuzuh\u00f6ren verlangte der Eventp\u00f6bel (auch wenn sich der Begriff &#8222;Event&#8220; erst gut 20 Jahre sp\u00e4ter etablierte) leichte Unterhaltung.<br \/>\nDa war es das Erste mal, das ich bewusst von Nelson Mandela geh\u00f6rt habe. Ich war noch weit davon entfernt das Ausma\u00df zu begreifen, aber es hat mich doch mitgepr\u00e4gt dieser kurze Auftritt von Harry Belafonte.<\/p>\n","protected":false},"excerpt":{"rendered":"<p>Ich w\u00fcnsche Nelson Mandela, das er nach seiner Pr\u00e4sidentschaft in S\u00fcdafrika wie gew\u00fcnscht das Leben genie\u00dfen konnte. Das der Genuss des Lebens nicht frei von einem politischen Leben sein muss, das hat er seit 1999 eindrucksvoll bewiesen. Was soll ich &hellip; <a href=\"http:\/\/gehirnsturm.info\/?p=5551\">Weiterlesen <span class=\"meta-nav\">&rarr;<\/span><\/a><\/p>\n","protected":false},"author":2,"featured_media":0,"comment_status":"open","ping_status":"open","sticky":false,"template":"","format":"standard","meta":[],"categories":[10,11,766,13],"tags":[1068,1350,1351,554],"_links":{"self":[{"href":"http:\/\/gehirnsturm.info\/index.php?rest_route=\/wp\/v2\/posts\/5551"}],"collection":[{"href":"http:\/\/gehirnsturm.info\/index.php?rest_route=\/wp\/v2\/posts"}],"about":[{"href":"http:\/\/gehirnsturm.info\/index.php?rest_route=\/wp\/v2\/types\/post"}],"author":[{"embeddable":true,"href":"http:\/\/gehirnsturm.info\/index.php?rest_route=\/wp\/v2\/users\/2"}],"replies":[{"embeddable":true,"href":"http:\/\/gehirnsturm.info\/index.php?rest_route=%2Fwp%2Fv2%2Fcomments&post=5551"}],"version-history":[{"count":1,"href":"http:\/\/gehirnsturm.info\/index.php?rest_route=\/wp\/v2\/posts\/5551\/revisions"}],"predecessor-version":[{"id":5552,"href":"http:\/\/gehirnsturm.info\/index.php?rest_route=\/wp\/v2\/posts\/5551\/revisions\/5552"}],"wp:attachment":[{"href":"http:\/\/gehirnsturm.info\/index.php?rest_route=%2Fwp%2Fv2%2Fmedia&parent=5551"}],"wp:term":[{"taxonomy":"category","embeddable":true,"href":"http:\/\/gehirnsturm.info\/index.php?rest_route=%2Fwp%2Fv2%2Fcategories&post=5551"},{"taxonomy":"post_tag","embeddable":true,"href":"http:\/\/gehirnsturm.info\/index.php?rest_route=%2Fwp%2Fv2%2Ftags&post=5551"}],"curies":[{"name":"wp","href":"https:\/\/api.w.org\/{rel}","templated":true}]}}