{"id":60,"date":"2009-05-29T07:07:26","date_gmt":"2009-05-29T05:07:26","guid":{"rendered":"http:\/\/ichbinterrorist.de\/?p=60"},"modified":"2009-05-29T07:07:26","modified_gmt":"2009-05-29T05:07:26","slug":"petition-gegen-internetsperren-stellungnahmen-zur-21-sitzung-am-275","status":"publish","type":"post","link":"http:\/\/gehirnsturm.info\/?p=60","title":{"rendered":"Petition gegen Internetsperren: Stellungnahmen zur 21. Sitzung am 27.5."},"content":{"rendered":"<p>Im Netz kann man nun die Stellungsnahmen der Verb\u00e4nde und Fachleute, als da sind:<\/p>\n<p>Stellungnahme BITKOM<\/p>\n<p>Stellungnahme DIHK<\/p>\n<p>Stellungnahme ECO<\/p>\n<p>Stellungnahme Dr. Korinna Kuhnen<\/p>\n<p>Stellungnahme BKA<\/p>\n<p>Stellungnahme BDK (Bund Deutscher Kriminalbeamter)<\/p>\n<p>Gemeinsame Stellungnahme von UNICEF, Deutsches Kinderhilfswerk, Innocence in Danger, ECPAT, Save the Children und Deutscher Kinderschutzbund<\/p>\n<p>Stellungnahme Dr. Matthias B\u00e4cker<\/p>\n<p>Stellungnahme Dr. Peter-J\u00fcrgen Graf (BGH)<\/p>\n<p>Stellungnahme Dr. Dieter Frey<\/p>\n<p>Stellungnahme VATM<\/p>\n<p>Stellungnahme des Bundesbeauftragten f\u00fcr den Datenschutz und die Informationsfreiheit, Peter Schaar<\/p>\n<p>Stellungnahme Prof. Dr. Dr. h.c. Ulrich Sieber, Max-Planck-Institut f\u00fcr ausl\u00e4ndisches und internationales Strafrecht<\/p>\n<p>Stellungnahme BVDW (Bundesverband Digitale Wirtschaft)<\/p>\n<p>Stellungnahme Prof. Dr. Michael Osterheider, Universit\u00e4t Regensburg<\/p>\n<p>als PDF abrufen.<\/p>\n<p>Wo? Hier:<br \/>\n<a href=\"http:\/\/www.bundestag.de\/ausschuesse\/a09\/anhoerungen\/21_Anhoerung\/Stellungnahmen\/index.html\">21. \u00d6ffentliche Anh\u00f6rung (96. Sitzung) am Mittwoch, den 27. Mai 2009, 11:00 Uhr, zum Entwurf eines Gesetzes zur Bek\u00e4mpfung der Kinderpornographie in Kommunikationsnetzen &#8211; BT-Drs. 16\/12850<br \/>\n<strong>Ausschuss f\u00fcr Wirtschaft und Technologie &#8211; Stellungnahmen <\/strong><\/a><\/p>\n<p>Ich werde mich jetzt auch daran machen diese runter zu laden und bin ganz gespannt, was ich da zu lesen bekomme.<\/p>\n","protected":false},"excerpt":{"rendered":"<p>Im Netz kann man nun die Stellungsnahmen der Verb\u00e4nde und Fachleute, als da sind: Stellungnahme BITKOM Stellungnahme DIHK Stellungnahme ECO Stellungnahme Dr. Korinna Kuhnen Stellungnahme BKA Stellungnahme BDK (Bund Deutscher Kriminalbeamter) Gemeinsame Stellungnahme von UNICEF, Deutsches Kinderhilfswerk, Innocence in Danger, &hellip; <a href=\"http:\/\/gehirnsturm.info\/?p=60\">Weiterlesen <span class=\"meta-nav\">&rarr;<\/span><\/a><\/p>\n","protected":false},"author":2,"featured_media":0,"comment_status":"open","ping_status":"open","sticky":false,"template":"","format":"standard","meta":[],"categories":[5,13],"tags":[157,296,428,636],"_links":{"self":[{"href":"http:\/\/gehirnsturm.info\/index.php?rest_route=\/wp\/v2\/posts\/60"}],"collection":[{"href":"http:\/\/gehirnsturm.info\/index.php?rest_route=\/wp\/v2\/posts"}],"about":[{"href":"http:\/\/gehirnsturm.info\/index.php?rest_route=\/wp\/v2\/types\/post"}],"author":[{"embeddable":true,"href":"http:\/\/gehirnsturm.info\/index.php?rest_route=\/wp\/v2\/users\/2"}],"replies":[{"embeddable":true,"href":"http:\/\/gehirnsturm.info\/index.php?rest_route=%2Fwp%2Fv2%2Fcomments&post=60"}],"version-history":[{"count":0,"href":"http:\/\/gehirnsturm.info\/index.php?rest_route=\/wp\/v2\/posts\/60\/revisions"}],"wp:attachment":[{"href":"http:\/\/gehirnsturm.info\/index.php?rest_route=%2Fwp%2Fv2%2Fmedia&parent=60"}],"wp:term":[{"taxonomy":"category","embeddable":true,"href":"http:\/\/gehirnsturm.info\/index.php?rest_route=%2Fwp%2Fv2%2Fcategories&post=60"},{"taxonomy":"post_tag","embeddable":true,"href":"http:\/\/gehirnsturm.info\/index.php?rest_route=%2Fwp%2Fv2%2Ftags&post=60"}],"curies":[{"name":"wp","href":"https:\/\/api.w.org\/{rel}","templated":true}]}}