{"id":919,"date":"2010-03-06T14:55:20","date_gmt":"2010-03-06T13:55:20","guid":{"rendered":"http:\/\/ichbinterrorist.de\/?p=919"},"modified":"2010-03-06T14:55:20","modified_gmt":"2010-03-06T13:55:20","slug":"update-bundesinnenminister-thomas-de-maiziere-nun-unterwegs-als-stasi-2-0-1-bundsverfassungsgericht-kippt-derzeitige-regelung-zur-vorratsdatenspeicherung-mit-sofortiger-wirkung","status":"publish","type":"post","link":"http:\/\/gehirnsturm.info\/?p=919","title":{"rendered":"[Update] &quot;Bundesinnenminister Thomas de Maizi\u00e8re&quot; nun unterwegs als &quot;Stasi 2.0.1&quot;? &#8211; Bundsverfassungsgericht kippt derzeitige Regelung zur Vorratsdatenspeicherung mit sofortiger Wirkung"},"content":{"rendered":"<p>Fast m\u00f6chte man meinen, das de Maizi\u00e9re sich auch solch einen sch\u00f6nen Titel wie Sch\u00e4uble (&#8222;Stasi 2.0&#8220;) oder von der Leyen (&#8222;Zensursela&#8220;) haben m\u00f6chte.<br \/>\nSonst kann ich es mir nicht erkl\u00e4ren, warum er so erpicht darauf ist, das man wieder ohne Sinn und Verstand ein neues &#8222;Speichergesetz&#8220; aus dem Boden kloppen will.<br \/>\nWie hei\u00dft es dazu bei <a href=\"http:\/\/www.heise.de\">Heise Online<\/a>:<\/p>\n<blockquote><p><font color=\"#ff00ff\">Bundesinnenminister Thomas de Maizi\u00e8re (CDU) bef\u00fcrchtet nach dem Karlsruher Urteil zur Vorratsdatenspeicherung eine Sicherheitsl\u00fccke bei schwerer Internet-Kriminalit\u00e4t. &#8222;Wenn sich das herumspricht, dann wird Internetkriminalit\u00e4t nach Deutschland verlagert&#8220;, sagte de Maizi\u00e8re der &#8222;Frankfurter Allgemeinen Sonntagszeitung&#8220;. Die f\u00fcr einen neuen Gesetzentwurf zust\u00e4ndige Bundesjustizministerin Sabine Leutheusser-Schnarrenberger (FDP) trieb er zur Eile f\u00fcr eine Neuregelung an. &#8222;Wir sollten einen Gesetzentwurf noch vor der Sommerpause erstellen.&#8220;<\/font><\/p><\/blockquote>\n<p>(Quelle: Heise Online <a href=\"http:\/\/www.heise.de\/newsticker\/meldung\/Vorratsdatenspeicherung-CDU-Politiker-draengen-auf-schnelle-Nachfolgeregelung-947982.html\">&#8222;Vorratsdatenspeicherung: CDU-Politiker dr\u00e4ngen auf schnelle Nachfolgeregelung&#8220;<\/a><br \/>\nAuch, das die EU ihre Datenspeicherungregeln \u00fcberdenken will scheint die CDU nicht zu st\u00f6ren. Man will nicht mal die tendenz einer neuen EU-Regel abwarten:<\/p>\n<blockquote><p><font color=\"#ff00ff\">Der Unions-Innenexperte Wolfgang Bosbach (CDU) sieht aber keinen sachlichen Grund f\u00fcr ein Abwarten. Selbst wenn die EU ihre Richtlinie im Herbst \u00e4ndere, werde sie kaum strengere Vorgaben machen als das Bundesverfassungsgericht, sagte er der NOZ.<\/font><\/p><\/blockquote>\n<p>(Quelle: Heise Online <a href=\"http:\/\/www.heise.de\/newsticker\/meldung\/Vorratsdatenspeicherung-CDU-Politiker-draengen-auf-schnelle-Nachfolgeregelung-947982.html\">&#8222;Vorratsdatenspeicherung: CDU-Politiker dr\u00e4ngen auf schnelle Nachfolgeregelung&#8220;<\/a> &#8211; Anmerkung: &#8222;NOZ&#8220; = Neue Osnabr\u00fccker Zeitung)<\/p>\n<p>Auch ist sich &#8222;Stasi 2.0.1&#8220; (ich meine damit de Maizi\u00e9re) sich nicht zu schade im Stammtischstiel Angst zu sch\u00fcren:<\/p>\n<blockquote><p><font color=\"#ff00ff\">De Maizi\u00e8re sagte, er sehe die Arbeit der Sicherheitsbeh\u00f6rden durch das Urteil des Verfassungsgerichts erheblich erschwert. &#8222;Das kann die \u00f6ffentliche Sicherheit durchaus beeintr\u00e4chtigen&#8220;, sagte er.<\/font><\/p><\/blockquote>\n<p>(Quelle: RP Online: <a href=\"http:\/\/www.rp-online.de\/politik\/deutschland\/Union-will-schnell-neues-Gesetz_aid_828699.html\">Vorratsdatenspeicherung: Union will schnell neues Gesetz<\/a>)<\/p>\n<p>Wie sagt unser Update &#8222;Stasi 2.0.1&#8220; noch mal: &#8222;Wenn sich das herumspricht, dann wird Internetkriminalit\u00e4t nach Deutschland verlagert\u201d?<br \/>\nSeltsam, pl\u00f6tzlich ist es nicht mehr der Terrorismus, der die \u00dcberwachung verlangt, sondern die Internetkriminalit\u00e4t?<br \/>\n<font color=\"#0000ff\">Mein lieber <em>M\u00f6chtegern<\/em> &#8222;Stasi 2.0.1&#8220;, um Internetkriminalit\u00e4t zu verhindern brauchts keine Datenspeicherung, sondern sinnvolle Verbraucherschutzgesetze. Aber solange die Ex-Justizministerin angst hat, das Sie keine Pizza mehr geliefert bekommt, ist es peinlich, solch eine Ma\u00dfnahme vorzuschieben!<br \/>\nOder meinen Sie etwa Mails von Terroristen? oder Bombenanleitungen im Internet? Sagen sie mal, wie weltfremd sind Sie denn? Scheuen Sie sich doch mal den verzweifelten zielgerichteten Versuch an, die Urheber der Abzockerseite &#8222;Kino.to&#8220; zu finden. dann erz\u00e4hlen sie mir nicht, dass Sie mit Datenspeicherung von allen Menschen sie bei kriminellen Handlungen helfen. So schnell wie die die Codes \u00e4ndern, k\u00f6nnen Sie nicht die Filter einstellen.<\/font><br \/>\n<strong>Herr, schmei\u00df Hirn vom Himmel (und triff bitte!)<\/strong><\/p>\n<p>Die Geilheit uns B\u00fcrger zu \u00fcberwachen scheint gr\u00f6\u00dfer zu sein, als der Verstand. Wie ich schon mal schrieb, wird es wohl so sein, dass das BVG die n\u00e4chste gesetzliche Regelung zur Datenspeicherung der Regierung auf Verfassungsm\u00e4\u00dfigkeit \u00fcberpr\u00fcfen muss, statt das die Politiker endlich mal vern\u00fcnftig Ihre Hausaufgaben machen und endlich auch das machen, was sie sind &#8222;Vertreter des Volkes&#8220; und nicht Ihre &#8222;Aufseher&#8220;!<\/p>\n<p><u><b>Links:<\/b><\/u><\/p>\n<p>&#8211; Heise Online: <a href=\"http:\/\/www.heise.de\/newsticker\/meldung\/Vorratsdatenspeicherung-CDU-Politiker-draengen-auf-schnelle-Nachfolgeregelung-947982.html\">Vorratsdatenspeicherung: CDU-Politiker dr\u00e4ngen auf schnelle Nachfolgeregelung<\/a><\/p>\n<p>&#8211; RP Online: <a href=\"http:\/\/www.rp-online.de\/politik\/deutschland\/Union-will-schnell-neues-Gesetz_aid_828699.html\">Vorratsdatenspeicherung: Union will schnell neues Gesetz<\/a><\/p>\n<p>&#8211; Mittelbayrische: <a href=\"http:\/\/www.mittelbayerische.de\/index.cfm?pid=3086&#038;pk=529807&#038;p=1\">Daten auf Vorrat: Union dringt auf neues Gesetz<\/a><\/p>\n<p>&#8211; Zeit Online: <a href=\"http:\/\/www.zeit.de\/newsticker\/2010\/3\/6\/iptc-bdt-20100306-34-24127372xml\">Maizi\u00e8re bef\u00fcrchtet mehr Internetkriminalit\u00e4t<\/a><\/p>\n<p>&#8211; Focus Online: <a href=\"http:\/\/www.focus.de\/politik\/weitere-meldungen\/vorratsdatenspeicherung-weiterer-koalitionskrach-bahnt-sich-an_aid_486222.html\">Vorratsdatenspeicherung: Weiterer Koalitionskrach bahnt sich an<\/a><\/p>\n","protected":false},"excerpt":{"rendered":"<p>Fast m\u00f6chte man meinen, das de Maizi\u00e9re sich auch solch einen sch\u00f6nen Titel wie Sch\u00e4uble (&#8222;Stasi 2.0&#8220;) oder von der Leyen (&#8222;Zensursela&#8220;) haben m\u00f6chte. Sonst kann ich es mir nicht erkl\u00e4ren, warum er so erpicht darauf ist, das man wieder &hellip; <a href=\"http:\/\/gehirnsturm.info\/?p=919\">Weiterlesen <span class=\"meta-nav\">&rarr;<\/span><\/a><\/p>\n","protected":false},"author":2,"featured_media":0,"comment_status":"open","ping_status":"open","sticky":false,"template":"","format":"standard","meta":[],"categories":[5,9,10,11,12,13,14,17],"tags":[125,137,138,157,160,192,196,197,198,199,1407,1409,365,421,422,428,1410,517,518,549,1412,636],"_links":{"self":[{"href":"http:\/\/gehirnsturm.info\/index.php?rest_route=\/wp\/v2\/posts\/919"}],"collection":[{"href":"http:\/\/gehirnsturm.info\/index.php?rest_route=\/wp\/v2\/posts"}],"about":[{"href":"http:\/\/gehirnsturm.info\/index.php?rest_route=\/wp\/v2\/types\/post"}],"author":[{"embeddable":true,"href":"http:\/\/gehirnsturm.info\/index.php?rest_route=\/wp\/v2\/users\/2"}],"replies":[{"embeddable":true,"href":"http:\/\/gehirnsturm.info\/index.php?rest_route=%2Fwp%2Fv2%2Fcomments&post=919"}],"version-history":[{"count":0,"href":"http:\/\/gehirnsturm.info\/index.php?rest_route=\/wp\/v2\/posts\/919\/revisions"}],"wp:attachment":[{"href":"http:\/\/gehirnsturm.info\/index.php?rest_route=%2Fwp%2Fv2%2Fmedia&parent=919"}],"wp:term":[{"taxonomy":"category","embeddable":true,"href":"http:\/\/gehirnsturm.info\/index.php?rest_route=%2Fwp%2Fv2%2Fcategories&post=919"},{"taxonomy":"post_tag","embeddable":true,"href":"http:\/\/gehirnsturm.info\/index.php?rest_route=%2Fwp%2Fv2%2Ftags&post=919"}],"curies":[{"name":"wp","href":"https:\/\/api.w.org\/{rel}","templated":true}]}}